{"id":25819,"date":"2026-02-05T08:56:40","date_gmt":"2026-02-05T07:56:40","guid":{"rendered":"https:\/\/www.sejourprive.com\/?p=25819"},"modified":"2026-03-02T11:19:11","modified_gmt":"2026-03-02T10:19:11","slug":"la-riviera-suisse-lun-des-secrets-les-mieux-gardes-deurope","status":"publish","type":"post","link":"https:\/\/www.sejourprive.com\/en\/la-riviera-suisse-lun-des-secrets-les-mieux-gardes-deurope\/","title":{"rendered":"The Swiss Riviera, one of Europe's best-kept secrets"},"content":{"rendered":"<div data-elementor-type=\"wp-post\" data-elementor-id=\"25819\" class=\"elementor elementor-25819\" data-elementor-post-type=\"post\">\n\t\t\t\t<div class=\"elementor-element elementor-element-7d9d0b14 e-flex e-con-boxed tm-col-stretched-none tm-bg-color-over-image e-con e-parent\" data-id=\"7d9d0b14\" data-element_type=\"container\" data-e-type=\"container\" data-settings=\"{&quot;background_background&quot;:&quot;classic&quot;}\">\n\t\t\t\t\t<div class=\"e-con-inner\">\n\t\t<div class=\"elementor-element elementor-element-434e4649 e-con-full e-flex tm-col-stretched-none tm-bg-color-over-image e-con e-child\" data-id=\"434e4649\" data-element_type=\"container\" data-e-type=\"container\">\n\t\t\t\t<div class=\"elementor-element elementor-element-4dad3530 horizontal-line-align-left vertical-line-align-bottom elementor-widget elementor-widget-tm-ele-section-title\" data-id=\"4dad3530\" data-element_type=\"widget\" data-e-type=\"widget\" data-widget_type=\"tm-ele-section-title.default\">\n\t\t\t\t<div class=\"elementor-widget-container\">\n\t\t\t\t\t<div class=\"tm-sc-section-title section-title\">\r\n\t<div class=\"title-wrapper\">\r\n\t\t\t\t\t\t\t<h1 class=\"title tm-split-text split-in-right\">\r\n\r\n\t\t\r\n\t\t\t\t<span class=\"title-part1\">The Swiss Riviera, one of Europe's best-kept secrets<\/span>\r\n\t\t\t\t\r\n\t\t\r\n\t<\/h1>\r\n\t<div class=\"title-seperator-line\"><\/div>\t\t\t\t\t\t<\/div>\r\n<\/div>\t\t\t\t<\/div>\n\t\t\t\t<\/div>\n\t\t\t\t<div class=\"elementor-element elementor-element-18721fdb elementor-align-center elementor-widget elementor-widget-post-info\" data-id=\"18721fdb\" data-element_type=\"widget\" data-e-type=\"widget\" data-widget_type=\"post-info.default\">\n\t\t\t\t<div class=\"elementor-widget-container\">\n\t\t\t\t\t\t\t<ul class=\"elementor-icon-list-items elementor-post-info\">\n\t\t\t\t\t\t\t\t<li class=\"elementor-icon-list-item elementor-repeater-item-0e93a3f\" itemprop=\"datePublished\">\n\t\t\t\t\t\t\t\t\t\t\t\t\t<span class=\"elementor-icon-list-text elementor-post-info__item elementor-post-info__item--type-date\">\n\t\t\t\t\t\t\t\t\t\t<time>05\/02\/2026<\/time>\t\t\t\t\t<\/span>\n\t\t\t\t\t\t\t\t<\/li>\n\t\t\t\t<\/ul>\n\t\t\t\t\t\t<\/div>\n\t\t\t\t<\/div>\n\t\t\t\t<div class=\"elementor-element elementor-element-9680c7 elementor-widget elementor-widget-image\" data-id=\"9680c7\" data-element_type=\"widget\" data-e-type=\"widget\" data-widget_type=\"image.default\">\n\t\t\t\t<div class=\"elementor-widget-container\">\n\t\t\t\t\t\t\t\t\t\t\t\t\t\t\t<img fetchpriority=\"high\" decoding=\"async\" width=\"1920\" height=\"1080\" src=\"https:\/\/www.sejourprive.com\/wp-content\/uploads\/2026\/02\/Sejour-Prive_Riviera-Suisse_IMG-1.jpg\" class=\"attachment-full size-full wp-image-25821\" alt=\"\" srcset=\"https:\/\/www.sejourprive.com\/wp-content\/uploads\/2026\/02\/Sejour-Prive_Riviera-Suisse_IMG-1.jpg 1920w, https:\/\/www.sejourprive.com\/wp-content\/uploads\/2026\/02\/Sejour-Prive_Riviera-Suisse_IMG-1-300x169.jpg 300w, https:\/\/www.sejourprive.com\/wp-content\/uploads\/2026\/02\/Sejour-Prive_Riviera-Suisse_IMG-1-1024x576.jpg 1024w, https:\/\/www.sejourprive.com\/wp-content\/uploads\/2026\/02\/Sejour-Prive_Riviera-Suisse_IMG-1-768x432.jpg 768w, https:\/\/www.sejourprive.com\/wp-content\/uploads\/2026\/02\/Sejour-Prive_Riviera-Suisse_IMG-1-1536x864.jpg 1536w, https:\/\/www.sejourprive.com\/wp-content\/uploads\/2026\/02\/Sejour-Prive_Riviera-Suisse_IMG-1-18x10.jpg 18w, https:\/\/www.sejourprive.com\/wp-content\/uploads\/2026\/02\/Sejour-Prive_Riviera-Suisse_IMG-1-600x338.jpg 600w\" sizes=\"255px\" data-kodelisting-lazy-load-sizes=\"(max-width: 1920px) 100vw, 1920px\" data-kodelisting-loading-image=\"on\" \/>\t\t\t\t\t\t\t\t\t\t\t\t\t\t\t<\/div>\n\t\t\t\t<\/div>\n\t\t\t\t<div class=\"elementor-element elementor-element-2e9cf9ce elementor-widget__width-initial elementor-widget elementor-widget-tm-ele-text-editor\" data-id=\"2e9cf9ce\" data-element_type=\"widget\" data-e-type=\"widget\" data-widget_type=\"tm-ele-text-editor.default\">\n\t\t\t\t<div class=\"elementor-widget-container\">\n\t\t\t\t\t\t\t<div class=\"tm-text-editor\">\r\n\t\t<p class=\"p2\"><span class=\"s1\"> <\/span>Switzerland is a land where the Alps seem to plunge straight into the waters of Lake Geneva, where the light plays with the relief and the mild climate is as surprising as it is seductive. Welcome to the Swiss Riviera, a discreet jewel nestling at the eastern end of Lake Geneva, between terraced vineyards, unexpected palm trees and elegant lakeside towns.<\/p><p class=\"p2\">Boasting an almost Mediterranean microclimate, this region owes its name to a mildness that is rare in these latitudes. Umbrella pines, cypresses and palm trees dot the quaysides, while Montreux and Vevey epitomise the Vaud Riviera's hushed art of living. Long a favourite with artists, writers and celebrities, it remains one of Europe's most elegant havens.<\/p><h3 class=\"p3\">Lake Geneva, an exceptional natural setting <b><\/b><\/h3><p class=\"p2\">At 581km\u00b2, Lake Geneva is the largest lake in Western Europe. While the French side of the lake is enchanting with \u00c9vian and the medieval village of Yvoire, listed as one of the most beautiful villages in France, the Swiss side is a sight to behold of rare intensity. It is here, between lake and mountains, that the Swiss Riviera reveals its most beautiful panoramas.<\/p><p class=\"p2\">The calm waters of Lake Geneva reflect the Alpine peaks, creating a striking setting where nature meets Belle \u00c9poque architecture and listed vineyards. A perfect harmony, conducive to contemplation and the most refined of experiences.<\/p><h3 class=\"p3\">Montreux, musical elegance and Belle \u00c9poque heritage <b><\/b><\/h3><p class=\"p2\">Montreux is without doubt the most emblematic town on the Swiss Riviera. Its international reputation is largely based on the <b>Montreux Jazz Festival<\/b>, Every summer, the Montreux Festival attracts some of the biggest names on the world music scene. In the autumn, comedy takes over with the Montreux Comedy, confirming the town's cultural status.<\/p><p class=\"p2\">Strolling along the quays is an experience in itself. On one side, the peaceful waters of Lake Geneva; on the other, the majestic peaks of the Alps. The Belle \u00c9poque facades bear witness to the town's sumptuous past, when it catered for an aristocratic and cosmopolitan clientele.<\/p><p class=\"p2\">A few minutes to the south, the <b>Chillon Castle<\/b>, built as early as the XII\u1d49 century on a rocky islet, seems to float on the lake. This medieval fortress, one of the most visited in Switzerland, epitomises the romantic and timeless dimension of the region.<\/p><p class=\"p2\">Montreux also has a strong link with contemporary music. Freddie Mercury, captivated by the beauty of the area, spent the last years of his life here. His statue, erected<\/p><p class=\"p2\">on the Quai de la Rouvenaz, has become a discreet place of pilgrimage. Enthusiasts can extend the experience at the <b>Queen Studio Experience<\/b>, Mountain Studios, where several of the band's legendary albums were recorded.<\/p>\t\t<\/div>\r\n\t\t\t\t\t<\/div>\n\t\t\t\t<\/div>\n\t\t\t\t<div class=\"elementor-element elementor-element-484f5ea4 elementor-widget elementor-widget-spacer\" data-id=\"484f5ea4\" data-element_type=\"widget\" data-e-type=\"widget\" data-widget_type=\"spacer.default\">\n\t\t\t\t<div class=\"elementor-widget-container\">\n\t\t\t\t\t\t\t<div class=\"elementor-spacer\">\n\t\t\t<div class=\"elementor-spacer-inner\"><\/div>\n\t\t<\/div>\n\t\t\t\t\t\t<\/div>\n\t\t\t\t<\/div>\n\t\t<div class=\"elementor-element elementor-element-6281f07d e-flex e-con-boxed tm-col-stretched-none tm-bg-color-over-image e-con e-child\" data-id=\"6281f07d\" data-element_type=\"container\" data-e-type=\"container\">\n\t\t\t\t\t<div class=\"e-con-inner\">\n\t\t<div class=\"elementor-element elementor-element-61e2682e e-con-full e-flex tm-col-stretched-none tm-bg-color-over-image e-con e-child\" data-id=\"61e2682e\" data-element_type=\"container\" data-e-type=\"container\">\n\t\t\t\t<div class=\"elementor-element elementor-element-452e8578 elementor-widget elementor-widget-image\" data-id=\"452e8578\" data-element_type=\"widget\" data-e-type=\"widget\" data-widget_type=\"image.default\">\n\t\t\t\t<div class=\"elementor-widget-container\">\n\t\t\t\t\t\t\t\t\t\t\t\t\t\t\t<img decoding=\"async\" width=\"809\" height=\"1080\" src=\"https:\/\/www.sejourprive.com\/wp-content\/uploads\/2026\/02\/Sejour-Prive_Riviera-Suisse_IMG-2.jpg\" class=\"attachment-full size-full wp-image-25822\" alt=\"\" srcset=\"https:\/\/www.sejourprive.com\/wp-content\/uploads\/2026\/02\/Sejour-Prive_Riviera-Suisse_IMG-2.jpg 809w, https:\/\/www.sejourprive.com\/wp-content\/uploads\/2026\/02\/Sejour-Prive_Riviera-Suisse_IMG-2-225x300.jpg 225w, https:\/\/www.sejourprive.com\/wp-content\/uploads\/2026\/02\/Sejour-Prive_Riviera-Suisse_IMG-2-767x1024.jpg 767w, https:\/\/www.sejourprive.com\/wp-content\/uploads\/2026\/02\/Sejour-Prive_Riviera-Suisse_IMG-2-768x1025.jpg 768w, https:\/\/www.sejourprive.com\/wp-content\/uploads\/2026\/02\/Sejour-Prive_Riviera-Suisse_IMG-2-9x12.jpg 9w, https:\/\/www.sejourprive.com\/wp-content\/uploads\/2026\/02\/Sejour-Prive_Riviera-Suisse_IMG-2-600x801.jpg 600w\" sizes=\"255px\" data-kodelisting-lazy-load-sizes=\"(max-width: 809px) 100vw, 809px\" data-kodelisting-loading-image=\"on\" \/>\t\t\t\t\t\t\t\t\t\t\t\t\t\t\t<\/div>\n\t\t\t\t<\/div>\n\t\t\t\t<\/div>\n\t\t<div class=\"elementor-element elementor-element-4f270257 tm-col-stretched-none e-con-full e-flex tm-bg-color-over-image e-con e-child\" data-id=\"4f270257\" data-element_type=\"container\" data-e-type=\"container\">\n\t\t\t\t<div class=\"elementor-element elementor-element-45a2b95b elementor-widget elementor-widget-image\" data-id=\"45a2b95b\" data-element_type=\"widget\" data-e-type=\"widget\" data-widget_type=\"image.default\">\n\t\t\t\t<div class=\"elementor-widget-container\">\n\t\t\t\t\t\t\t\t\t\t\t\t\t\t\t<img decoding=\"async\" width=\"1024\" height=\"683\" src=\"https:\/\/www.sejourprive.com\/wp-content\/uploads\/2026\/02\/Sejour-Prive_Riviera-Suisse_IMG-3-1024x683.jpg\" class=\"attachment-large size-large wp-image-25823\" alt=\"\" srcset=\"https:\/\/www.sejourprive.com\/wp-content\/uploads\/2026\/02\/Sejour-Prive_Riviera-Suisse_IMG-3-1024x683.jpg 1024w, https:\/\/www.sejourprive.com\/wp-content\/uploads\/2026\/02\/Sejour-Prive_Riviera-Suisse_IMG-3-300x200.jpg 300w, https:\/\/www.sejourprive.com\/wp-content\/uploads\/2026\/02\/Sejour-Prive_Riviera-Suisse_IMG-3-768x512.jpg 768w, https:\/\/www.sejourprive.com\/wp-content\/uploads\/2026\/02\/Sejour-Prive_Riviera-Suisse_IMG-3-1536x1024.jpg 1536w, https:\/\/www.sejourprive.com\/wp-content\/uploads\/2026\/02\/Sejour-Prive_Riviera-Suisse_IMG-3-18x12.jpg 18w, https:\/\/www.sejourprive.com\/wp-content\/uploads\/2026\/02\/Sejour-Prive_Riviera-Suisse_IMG-3-672x448.jpg 672w, https:\/\/www.sejourprive.com\/wp-content\/uploads\/2026\/02\/Sejour-Prive_Riviera-Suisse_IMG-3-600x400.jpg 600w, https:\/\/www.sejourprive.com\/wp-content\/uploads\/2026\/02\/Sejour-Prive_Riviera-Suisse_IMG-3.jpg 1920w\" sizes=\"255px\" data-kodelisting-lazy-load-sizes=\"(max-width: 1024px) 100vw, 1024px\" data-kodelisting-loading-image=\"on\" \/>\t\t\t\t\t\t\t\t\t\t\t\t\t\t\t<\/div>\n\t\t\t\t<\/div>\n\t\t\t\t<\/div>\n\t\t\t\t\t<\/div>\n\t\t\t\t<\/div>\n\t\t\t\t<div class=\"elementor-element elementor-element-4da075ee elementor-widget elementor-widget-spacer\" data-id=\"4da075ee\" data-element_type=\"widget\" data-e-type=\"widget\" data-widget_type=\"spacer.default\">\n\t\t\t\t<div class=\"elementor-widget-container\">\n\t\t\t\t\t\t\t<div class=\"elementor-spacer\">\n\t\t\t<div class=\"elementor-spacer-inner\"><\/div>\n\t\t<\/div>\n\t\t\t\t\t\t<\/div>\n\t\t\t\t<\/div>\n\t\t\t\t<div class=\"elementor-element elementor-element-49cc125b elementor-widget__width-initial elementor-widget elementor-widget-tm-ele-text-editor\" data-id=\"49cc125b\" data-element_type=\"widget\" data-e-type=\"widget\" data-widget_type=\"tm-ele-text-editor.default\">\n\t\t\t\t<div class=\"elementor-widget-container\">\n\t\t\t\t\t\t\t<div class=\"tm-text-editor\">\r\n\t\t<h3 class=\"p1\">Vevey, cultural refinement and breathtaking views <b><\/b><\/h3><p class=\"p2\">More intimate, Vevey offers one of the finest views of the Swiss Alps. This elegant lakeside town combines culture, heritage and the art of living with a rare subtlety.<\/p><p class=\"p2\">Vevey is inseparable from <b>Charlie Chaplin<\/b>, who lived there until his death in 1977. His former home now houses the <b>Chaplin's World<\/b>, an immersive museum retracing the life and work of the artist, nestled in the heart of a vast landscaped park.<\/p><p class=\"p2\">On the banks of the lake, an unusual silhouette catches the eye: a gigantic fork planted in the waters of Lake Geneva. The work of artist Jean-Pierre Zaugg, it has become the city's emblem and pays tribute to the Alimentarium, the nearby food museum.<\/p><p class=\"p2\">To get some height, take the funicular <b>Vevey - Mont-P\u00e8lerin <\/b>offers a spectacular experience. It passes through the terraced vineyards of Lavaux, a UNESCO World Heritage Site, before revealing a breathtaking panorama of the lake and the Alps at an altitude of over 1,500 metres.<\/p><h3 class=\"p1\">Lausanne, urban energy and the Olympic legacy <b><\/b><\/h3><p class=\"p2\">Lausanne is the capital of the canton of Vaud, with its steep slopes and vibrant culture. Built into the side of a hill, the city can be explored on foot for the more courageous, or by metro for a gentler approach.<\/p><p class=\"p2\">Lausanne is best known as <b>Olympic capital <\/b>since 1915. Visit <b>Olympic Museum<\/b>, located near the Quai d'Ouchy, offers a fascinating immersion in the history of the Olympic Games. Medals, emblematic objects and interactive installations allow visitors to relive the great moments of world sport, in an elegant setting overlooking the lake.<\/p><p class=\"p2\">Discreet and elegant, the Swiss Riviera embodies an art of living that is rare in Europe, where the mildness of the climate meets the power of the Alpine landscapes. With its refined lakeside towns, exceptional cultural heritage and breathtaking panoramas, the Swiss Riviera offers a timeless interlude far removed from over-exposed destinations. A confidential destination, designed for travellers in search of beauty, serenity and authentic experiences, to be savoured slowly, as the water and the seasons go by.<\/p>\t\t<\/div>\r\n\t\t\t\t\t<\/div>\n\t\t\t\t<\/div>\n\t\t\t\t<\/div>\n\t\t\t\t\t<\/div>\n\t\t\t\t<\/div>\n\t\t<div class=\"elementor-element elementor-element-26665715 e-flex e-con-boxed tm-col-stretched-none tm-bg-color-over-image e-con e-parent\" data-id=\"26665715\" data-element_type=\"container\" data-e-type=\"container\" data-settings=\"{&quot;background_background&quot;:&quot;classic&quot;}\">\n\t\t\t\t\t<div class=\"e-con-inner\">\n\t\t<div class=\"elementor-element elementor-element-6caff46a e-con-full e-flex tm-col-stretched-none tm-bg-color-over-image e-con e-child\" data-id=\"6caff46a\" data-element_type=\"container\" data-e-type=\"container\">\n\t\t<div class=\"elementor-element elementor-element-45e0ca29 e-con-full tm-col-stretched-none e-flex tm-bg-color-over-image e-con e-child\" data-id=\"45e0ca29\" data-element_type=\"container\" data-e-type=\"container\">\n\t\t\t\t<div class=\"elementor-element elementor-element-19ed1e5a elementor-view-default elementor-widget elementor-widget-icon\" data-id=\"19ed1e5a\" data-element_type=\"widget\" data-e-type=\"widget\" data-widget_type=\"icon.default\">\n\t\t\t\t<div class=\"elementor-widget-container\">\n\t\t\t\t\t\t\t<div class=\"elementor-icon-wrapper\">\n\t\t\t<div class=\"elementor-icon\">\n\t\t\t<svg xmlns=\"http:\/\/www.w3.org\/2000\/svg\" id=\"Maquette\" width=\"87.12\" height=\"142.3\" viewbox=\"0 0 87.12 142.3\"><g><g><path d=\"M1.88,69.13v-26.51C1.88,20.51,19.58,2.49,41.55,1.88V0C18.54.61,0,19.47,0,42.62v26.51h1.88Z\" style=\"fill: #a98450;\"><\/path><path d=\"M45.58,1.88c21.97.61,39.66,18.63,39.66,40.74v26.51h1.88v-26.51C87.12,19.47,68.58.61,45.58,0v1.88Z\" style=\"fill: #a98450;\"><\/path><path d=\"M85.24,73.17v26.51c0,22.11-17.7,40.13-39.66,40.74v1.88c23.01-.61,41.55-19.47,41.55-42.62v-26.51h-1.88Z\" style=\"fill: #a98450;\"><\/path><path d=\"M41.55,140.41c-21.97-.61-39.66-18.63-39.66-40.74v-26.51H0v26.51c0,23.15,18.54,42.01,41.55,42.62v-1.88Z\" style=\"fill: #a98450;\"><\/path><\/g><g><path d=\"M5.18,69.13v-26.38C5.18,22.4,21.37,5.8,41.55,5.05v-.81C20.93,4.99,4.37,21.95,4.37,42.75v26.38h.81Z\" style=\"fill: #a98450;\"><\/path><path d=\"M45.58,5.05c20.17.75,36.37,17.35,36.37,37.7v26.38h.81v-26.38c0-20.8-16.55-37.76-37.17-38.51v.81Z\" style=\"fill: #a98450;\"><\/path><path d=\"M41.55,137.25c-20.17-.75-36.36-17.35-36.36-37.7v-26.38h-.81v26.38c0,20.8,16.55,37.76,37.17,38.51v-.81Z\" style=\"fill: #a98450;\"><\/path><path d=\"M81.94,73.17v26.38c0,20.35-16.19,36.95-36.37,37.7v.81c20.62-.75,37.17-17.71,37.17-38.51v-26.38h-.81Z\" style=\"fill: #a98450;\"><\/path><\/g><\/g><g><path d=\"M45.48,109.63v-3.55h9.08v-3.83h-9.08v-32.98h4.79v-3.83h-4.79v-9.39h.16c5.53-.46,8.58-2.91,8.58-6.92v-.85c0-2.63-1.73-5.9-9.97-6.55-2.37-.16-6.77-.46-6.77-3.52v-.25c0-.81.43-3.45,5.92-3.45s6.13,2.88,6.23,4.12l.04.61h3.87v-.75c0-3.44-2.66-7.46-10.15-7.46-6.29,0-9.9,2.5-9.9,6.86v.74c0,3.95,3.42,6.25,10.15,6.83,3.07.2,6.59.75,6.59,3.23v.25c0,2.32-2.4,3.7-6.42,3.7-4.59,0-6.98-2.26-6.98-4.49,0-.05.07-1.04.96-1.96-1.5-.45-2.67-1.07-3.56-1.83-.87,1.04-1.34,2.28-1.34,3.73v.5c0,3.92,3.3,6.75,8.6,7.4l.15.02v9.42h-4.79v3.83h4.79v49.17h3.83v-4.98h13.34v-3.83h-13.34Z\" style=\"fill: #a98450;\"><\/path><path d=\"M43.56,24.14c-10.72,0-19.43,8.72-19.43,19.43,0,9.11,6.2,16.81,14.94,18.87v-4c-6.5-1.97-11.11-7.97-11.11-14.87,0-8.6,7-15.6,15.6-15.6s15.6,7,15.6,15.6c0,6.9-4.61,12.91-11.11,14.87v4c8.62-2.06,14.95-9.91,14.95-18.87,0-10.72-8.72-19.43-19.43-19.43Z\" style=\"fill: #a98450;\"><\/path><\/g><\/svg>\t\t\t<\/div>\n\t\t<\/div>\n\t\t\t\t\t\t<\/div>\n\t\t\t\t<\/div>\n\t\t\t\t<div class=\"elementor-element elementor-element-287489d8 horizontal-line-align-left vertical-line-align-bottom elementor-invisible elementor-widget elementor-widget-tm-ele-section-title\" data-id=\"287489d8\" data-element_type=\"widget\" data-e-type=\"widget\" data-settings=\"{&quot;_animation&quot;:&quot;fadeInUp&quot;}\" data-widget_type=\"tm-ele-section-title.default\">\n\t\t\t\t<div class=\"elementor-widget-container\">\n\t\t\t\t\t<div class=\"tm-sc-section-title section-title line-both-side-current-theme\">\r\n\t<div class=\"title-wrapper\">\r\n\t\t\t\t\r\n\r\n<div class=\"sub-title-outer\">\r\n\t<\/div>\t\t\t<h2 class=\"title tm-split-text split-in-right\">\r\n\r\n\t\t\r\n\t\t\t\t<span class=\"title-part1\">A tailor-made experience, designed for you<\/span>\r\n\t\t\t\t\r\n\t\t\r\n\t<\/h2>\r\n\t<div class=\"title-seperator-line\"><\/div>\t\t\t\t\t\t<div class=\"paragraph\">\r\n\t\t<p class=\"p1\">We don't just list properties, we carefully select them.<br \/>Only those who meet our high standards are selected.<br \/>With S\u00e9jour Priv\u00e9, you are guaranteed a quality choice.<\/p>\t<\/div>\r\n\t\t<\/div>\r\n<\/div>\t\t\t\t<\/div>\n\t\t\t\t<\/div>\n\t\t\t\t<\/div>\n\t\t\t\t<\/div>\n\t\t\t\t\t<\/div>\n\t\t\t\t<\/div>\n\t\t<div class=\"elementor-element elementor-element-2a8d3ee3 e-flex e-con-boxed tm-col-stretched-none tm-bg-color-over-image e-con e-parent\" data-id=\"2a8d3ee3\" data-element_type=\"container\" data-e-type=\"container\" data-settings=\"{&quot;background_background&quot;:&quot;classic&quot;}\">\n\t\t\t\t\t<div class=\"e-con-inner\">\n\t\t<div class=\"elementor-element elementor-element-7918e8b4 e-con-full e-flex tm-col-stretched-none tm-bg-color-over-image e-con e-child\" data-id=\"7918e8b4\" data-element_type=\"container\" data-e-type=\"container\">\n\t\t<div class=\"elementor-element elementor-element-60bd11cf e-con-full e-flex tm-col-stretched-none tm-bg-color-over-image e-con e-child\" data-id=\"60bd11cf\" data-element_type=\"container\" data-e-type=\"container\">\n\t\t<div class=\"elementor-element elementor-element-24fd7f99 e-con-full tm-col-stretched-none e-flex tm-bg-color-over-image e-con e-child\" data-id=\"24fd7f99\" data-element_type=\"container\" data-e-type=\"container\">\n\t\t\t\t<div class=\"elementor-element elementor-element-13daea90 horizontal-line-align-left vertical-line-align-bottom elementor-invisible elementor-widget elementor-widget-tm-ele-section-title\" data-id=\"13daea90\" data-element_type=\"widget\" data-e-type=\"widget\" data-settings=\"{&quot;_animation&quot;:&quot;fadeInUp&quot;}\" data-widget_type=\"tm-ele-section-title.default\">\n\t\t\t\t<div class=\"elementor-widget-container\">\n\t\t\t\t\t<div class=\"tm-sc-section-title section-title line-both-side-current-theme\">\r\n\t<div class=\"title-wrapper\">\r\n\t\t\t\t\r\n\r\n<div class=\"sub-title-outer\">\r\n\t\t<div class=\"subtitle\">\r\n\r\n\t\t\r\n\t\tTravel guide\t<\/div>\r\n\t<\/div>\t\t\t<h2 class=\"title tm-split-text split-in-right\">\r\n\r\n\t\t\r\n\t\t\t\t<span class=\"title-part1\">Find out more<\/span>\r\n\t\t\t\t\r\n\t\t\r\n\t<\/h2>\r\n\t<div class=\"title-seperator-line\"><\/div>\t\t\t\t\t\t<\/div>\r\n<\/div>\t\t\t\t<\/div>\n\t\t\t\t<\/div>\n\t\t\t\t<\/div>\n\t\t<div class=\"elementor-element elementor-element-610acdae e-con-full tm-col-stretched-none e-flex tm-bg-color-over-image e-con e-child\" data-id=\"610acdae\" data-element_type=\"container\" data-e-type=\"container\">\n\t\t\t\t<div class=\"elementor-element elementor-element-39213ece elementor-invisible elementor-widget elementor-widget-tm-ele-blog\" data-id=\"39213ece\" data-element_type=\"widget\" data-e-type=\"widget\" data-settings=\"{&quot;_animation&quot;:&quot;fadeInUp&quot;}\" data-widget_type=\"tm-ele-blog.skin-style-current-theme1\">\n\t\t\t\t<div class=\"elementor-widget-container\">\n\t\t\t\t\t\t<div class=\"tm-sc-blog tm-sc-blog-grid\">\r\n\t\t\r\n\t\r\n\t\t<!-- Isotope Gallery Grid -->\r\n\t\t<div id=\"blog-holder-883875\" class=\"isotope-layout grid-3 gutter-10 clearfix\">\r\n\t\t\t<div class=\"isotope-layout-inner\">\r\n\r\n\t\t\t\t<!-- the loop -->\r\n\t\t\t\t\t\t\t\t\t\t\t\t\t\t\t\t<div class=\"isotope-item carnet-de-voyage\">\r\n\t\t\t\t\t<div class=\"isotope-item-inner\" data-wow-delay=\"\">\r\n\t\t\t\t\t\t<article class=\"post-25837 post type-post status-publish format-standard has-post-thumbnail hentry category-carnet-de-voyage\">\r\n\t<!-- News Block -->\r\n<div class=\"blog-item-current-style1\">\r\n  <div class=\"inner-box\">\r\n    <div class=\"entry-header\">\r\n      <div class=\"thumb\">\r\n        <div class=\"post-thumb lightgallery-lightbox\">\r\n\t\r\n\t<div class=\"post-thumb-inner\">\r\n\t\t<div class=\"thumb\">\r\n\t\t\t<img loading=\"lazy\" decoding=\"async\" src=\"https:\/\/www.sejourprive.com\/wp-content\/uploads\/2026\/02\/Sejour-Prive_Dubai-en-famille_sejourner-dans-lexception_IMG-1-672x448.jpg\" width=\"672\" height=\"448\" alt=\"Duba\u00ef en famille : s\u00e9journer dans l\u2019exception\"\/>\r\n\t\t<\/div>\r\n\t<\/div>\r\n\t<\/div>        <div class=\"post-thumb lightgallery-lightbox\">\r\n\t\r\n\t<div class=\"post-thumb-inner\">\r\n\t\t<div class=\"thumb\">\r\n\t\t\t<img loading=\"lazy\" decoding=\"async\" src=\"https:\/\/www.sejourprive.com\/wp-content\/uploads\/2026\/02\/Sejour-Prive_Dubai-en-famille_sejourner-dans-lexception_IMG-1-672x448.jpg\" width=\"672\" height=\"448\" alt=\"Duba\u00ef en famille : s\u00e9journer dans l\u2019exception\"\/>\r\n\t\t<\/div>\r\n\t<\/div>\r\n\t<\/div>      <\/div>\r\n\r\n              \t\t      <\/div>\r\n    <div class=\"entry-content\">\r\n\r\n              \t<ul class=\"entry-meta list-inline\">\r\n\t\t\t<li class=\"list-inline-item posted-date\"><i class=\"fa fa-calendar-o\"><\/i> <a href=\"https:\/\/www.sejourprive.com\/en\/dubai-en-famille-sejourner-dans-lexception\/\" rel=\"bookmark\"><time class=\"entry-date published updated\" datetime=\"2026-02-05T09:00:10+01:00\">5 February 2026<\/time><\/a><\/li>\r\n\t\t\t\t<li class=\"list-inline-item categories\"><i class=\"fa fa-folder-o\"><\/i> \t\t\t<span class=\"categories-links\"><a href=\"https:\/\/www.sejourprive.com\/en\/category\/carnet-de-voyage\/\" rel=\"category tag\">Travel guide<\/a><\/span>\r\n        <\/li>\r\n\t\t<\/ul>\r\n\t      \r\n              <h4 class=\"entry-title\"><a href=\"https:\/\/www.sejourprive.com\/en\/dubai-en-famille-sejourner-dans-lexception\/\" rel=\"bookmark\">Dubai as a family: an exceptional stay<\/a><\/h4>      \r\n      \r\n          <\/div>\r\n  <\/div>\r\n<\/div><\/article>\t\t\t\t\t<\/div>\r\n\t\t\t\t<\/div>\r\n\t\t\t\t\t\t\t\t\t\t\t\t\t\t\t\t<div class=\"isotope-item carnet-de-voyage\">\r\n\t\t\t\t\t<div class=\"isotope-item-inner\" data-wow-delay=\"\">\r\n\t\t\t\t\t\t<article class=\"post-25819 post type-post status-publish format-standard has-post-thumbnail hentry category-carnet-de-voyage\">\r\n\t<!-- News Block -->\r\n<div class=\"blog-item-current-style1\">\r\n  <div class=\"inner-box\">\r\n    <div class=\"entry-header\">\r\n      <div class=\"thumb\">\r\n        <div class=\"post-thumb lightgallery-lightbox\">\r\n\t\r\n\t<div class=\"post-thumb-inner\">\r\n\t\t<div class=\"thumb\">\r\n\t\t\t<img loading=\"lazy\" decoding=\"async\" src=\"https:\/\/www.sejourprive.com\/wp-content\/uploads\/2026\/02\/Sejour-Prive_Riviera-Suisse_IMG-1-672x448.jpg\" width=\"672\" height=\"448\" alt=\"La Riviera suisse, l\u2019un des secrets les mieux gard\u00e9s d\u2019Europe\"\/>\r\n\t\t<\/div>\r\n\t<\/div>\r\n\t<\/div>        <div class=\"post-thumb lightgallery-lightbox\">\r\n\t\r\n\t<div class=\"post-thumb-inner\">\r\n\t\t<div class=\"thumb\">\r\n\t\t\t<img loading=\"lazy\" decoding=\"async\" src=\"https:\/\/www.sejourprive.com\/wp-content\/uploads\/2026\/02\/Sejour-Prive_Riviera-Suisse_IMG-1-672x448.jpg\" width=\"672\" height=\"448\" alt=\"La Riviera suisse, l\u2019un des secrets les mieux gard\u00e9s d\u2019Europe\"\/>\r\n\t\t<\/div>\r\n\t<\/div>\r\n\t<\/div>      <\/div>\r\n\r\n              \t\t      <\/div>\r\n    <div class=\"entry-content\">\r\n\r\n              \t<ul class=\"entry-meta list-inline\">\r\n\t\t\t<li class=\"list-inline-item posted-date\"><i class=\"fa fa-calendar-o\"><\/i> <a href=\"https:\/\/www.sejourprive.com\/en\/la-riviera-suisse-lun-des-secrets-les-mieux-gardes-deurope\/\" rel=\"bookmark\"><time class=\"entry-date published updated\" datetime=\"2026-02-05T08:56:40+01:00\">5 February 2026<\/time><\/a><\/li>\r\n\t\t\t\t<li class=\"list-inline-item categories\"><i class=\"fa fa-folder-o\"><\/i> \t\t\t<span class=\"categories-links\"><a href=\"https:\/\/www.sejourprive.com\/en\/category\/carnet-de-voyage\/\" rel=\"category tag\">Travel guide<\/a><\/span>\r\n        <\/li>\r\n\t\t<\/ul>\r\n\t      \r\n              <h4 class=\"entry-title\"><a href=\"https:\/\/www.sejourprive.com\/en\/la-riviera-suisse-lun-des-secrets-les-mieux-gardes-deurope\/\" rel=\"bookmark\">The Swiss Riviera, one of Europe's best-kept secrets<\/a><\/h4>      \r\n      \r\n          <\/div>\r\n  <\/div>\r\n<\/div><\/article>\t\t\t\t\t<\/div>\r\n\t\t\t\t<\/div>\r\n\t\t\t\t\t\t\t\t\t\t\t\t\t\t\t\t<div class=\"isotope-item carnet-de-voyage\">\r\n\t\t\t\t\t<div class=\"isotope-item-inner\" data-wow-delay=\"\">\r\n\t\t\t\t\t\t<article class=\"post-25827 post type-post status-publish format-standard has-post-thumbnail hentry category-carnet-de-voyage\">\r\n\t<!-- News Block -->\r\n<div class=\"blog-item-current-style1\">\r\n  <div class=\"inner-box\">\r\n    <div class=\"entry-header\">\r\n      <div class=\"thumb\">\r\n        <div class=\"post-thumb lightgallery-lightbox\">\r\n\t\r\n\t<div class=\"post-thumb-inner\">\r\n\t\t<div class=\"thumb\">\r\n\t\t\t<img loading=\"lazy\" decoding=\"async\" src=\"https:\/\/www.sejourprive.com\/wp-content\/uploads\/2026\/02\/Sejour-Prive_Des-plages-presque-secretes-sur-la-Cote-dAzur_IMG-1-672x448.jpg\" width=\"672\" height=\"448\" alt=\"Des plages (presque) secr\u00e8tes sur la C\u00f4te d\u2019Azur\"\/>\r\n\t\t<\/div>\r\n\t<\/div>\r\n\t<\/div>        <div class=\"post-thumb lightgallery-lightbox\">\r\n\t\r\n\t<div class=\"post-thumb-inner\">\r\n\t\t<div class=\"thumb\">\r\n\t\t\t<img loading=\"lazy\" decoding=\"async\" src=\"https:\/\/www.sejourprive.com\/wp-content\/uploads\/2026\/02\/Sejour-Prive_Des-plages-presque-secretes-sur-la-Cote-dAzur_IMG-1-672x448.jpg\" width=\"672\" height=\"448\" alt=\"Des plages (presque) secr\u00e8tes sur la C\u00f4te d\u2019Azur\"\/>\r\n\t\t<\/div>\r\n\t<\/div>\r\n\t<\/div>      <\/div>\r\n\r\n              \t\t      <\/div>\r\n    <div class=\"entry-content\">\r\n\r\n              \t<ul class=\"entry-meta list-inline\">\r\n\t\t\t<li class=\"list-inline-item posted-date\"><i class=\"fa fa-calendar-o\"><\/i> <a href=\"https:\/\/www.sejourprive.com\/en\/des-plages-presque-secretes-sur-la-cote-dazur\/\" rel=\"bookmark\"><time class=\"entry-date published updated\" datetime=\"2026-02-04T17:07:19+01:00\">4 February 2026<\/time><\/a><\/li>\r\n\t\t\t\t<li class=\"list-inline-item categories\"><i class=\"fa fa-folder-o\"><\/i> \t\t\t<span class=\"categories-links\"><a href=\"https:\/\/www.sejourprive.com\/en\/category\/carnet-de-voyage\/\" rel=\"category tag\">Travel guide<\/a><\/span>\r\n        <\/li>\r\n\t\t<\/ul>\r\n\t      \r\n              <h4 class=\"entry-title\"><a href=\"https:\/\/www.sejourprive.com\/en\/des-plages-presque-secretes-sur-la-cote-dazur\/\" rel=\"bookmark\">(Almost) secret beaches on the C\u00f4te d'Azur<\/a><\/h4>      \r\n      \r\n          <\/div>\r\n  <\/div>\r\n<\/div><\/article>\t\t\t\t\t<\/div>\r\n\t\t\t\t<\/div>\r\n\t\t\t\t\t\t\t\t<!-- end of the loop -->\r\n\t\t\t<\/div>\r\n\t\t<\/div>\r\n\t\t\t<\/div>\r\n\r\n\r\n\t\t\t\t<\/div>\n\t\t\t\t<\/div>\n\t\t\t\t<\/div>\n\t\t\t\t<\/div>\n\t\t\t\t<\/div>\n\t\t\t\t\t<\/div>\n\t\t\t\t<\/div>\n\t\t<div class=\"elementor-element elementor-element-1577e9e9 e-con-full e-flex e-con e-parent\" data-id=\"1577e9e9\" data-element_type=\"container\" data-e-type=\"container\">\n\t\t<div class=\"elementor-element elementor-element-5e8e2045 e-con-full e-flex tm-col-stretched-none e-con e-child\" data-id=\"5e8e2045\" data-element_type=\"container\" data-e-type=\"container\">\n\t\t<div class=\"elementor-element elementor-element-602ed0d7 e-con-full e-flex tm-col-stretched-none e-con e-child\" data-id=\"602ed0d7\" data-element_type=\"container\" data-e-type=\"container\">\n\t\t<div class=\"elementor-element elementor-element-69f505ad e-con-full e-flex tm-col-stretched-none e-con e-child\" data-id=\"69f505ad\" data-element_type=\"container\" data-e-type=\"container\">\n\t\t\t\t<div class=\"elementor-element elementor-element-9e0d102 horizontal-line-align-left vertical-line-align-bottom elementor-widget elementor-widget-tm-ele-section-title\" data-id=\"9e0d102\" data-element_type=\"widget\" data-e-type=\"widget\" data-widget_type=\"tm-ele-section-title.default\">\n\t\t\t\t<div class=\"elementor-widget-container\">\n\t\t\t\t\t<div class=\"tm-sc-section-title section-title line-right-current-theme\">\r\n\t<div class=\"title-wrapper\">\r\n\t\t\t\t\r\n\r\n<div class=\"sub-title-outer\">\r\n\t<\/div>\t\t\t<h2 class=\"title tm-split-text split-in-right\">\r\n\r\n\t\t\r\n\t\t\t\t<span class=\"title-part1\">Looking for a unique holiday?<\/span>\r\n\t\t\t\t\r\n\t\t\r\n\t<\/h2>\r\n\t<div class=\"title-seperator-line\"><\/div>\t\t\t\t\t\t<\/div>\r\n<\/div>\t\t\t\t<\/div>\n\t\t\t\t<\/div>\n\t\t\t\t<div class=\"elementor-element elementor-element-516e2e29 elementor-widget__width-initial elementor-widget elementor-widget-tm-ele-text-editor\" data-id=\"516e2e29\" data-element_type=\"widget\" data-e-type=\"widget\" data-widget_type=\"tm-ele-text-editor.default\">\n\t\t\t\t<div class=\"elementor-widget-container\">\n\t\t\t\t\t\t\t<div class=\"tm-text-editor\">\r\n\t\t<p class=\"tw-data-text tw-text-large tw-ta\" data-placeholder=\"Traduction\" id=\"tw-target-text\" data-ved=\"2ahUKEwjA64f4uMqMAxVwTqQEHU8ZORgQ3ewLegQICBAV\" dir=\"ltr\" aria-label=\"Translated text: Enter your request below and your onefinestay destination specialist will contact you to assist you.\"><span class=\"Y2IQFc\" lang=\"fr\">A S\u00e9jour Priv\u00e9 destination specialist will contact you and assist you.<\/span><\/p>\t\t<\/div>\r\n\t\t\t\t\t<\/div>\n\t\t\t\t<\/div>\n\t\t\t\t<div class=\"elementor-element elementor-element-22d134c5 elementor-widget elementor-widget-tm-ele-button\" data-id=\"22d134c5\" data-element_type=\"widget\" data-e-type=\"widget\" data-widget_type=\"tm-ele-button.default\">\n\t\t\t\t<div class=\"elementor-widget-container\">\n\t\t\t\t\t<div class=\"tm-sc-button btn-view-details\">\r\n\t<a  href=\"https:\/\/dev251.kodesolution.com\/hoteler\/about\/\"\r\n\t\t\t\t\t\tclass=\"btn btn-theme-colored1 btn-sm\">\r\n\r\n\r\n\t\t\r\n\t\t<span>\r\n\t\tGet in touch\t\t<\/span>\r\n\r\n\t\t\t<\/a>\r\n<\/div>\t\t\t\t<\/div>\n\t\t\t\t<\/div>\n\t\t\t\t<\/div>\n\t\t\t\t<\/div>\n\t\t<div class=\"elementor-element elementor-element-42ecf3c0 e-con-full tm-col-stretched-none elementor-hidden-mobile e-flex e-con e-child\" data-id=\"42ecf3c0\" data-element_type=\"container\" data-e-type=\"container\" data-settings=\"{&quot;background_background&quot;:&quot;classic&quot;}\">\n\t\t\t\t<\/div>\n\t\t\t\t<\/div>\n\t\t\t\t<\/div>\n\t\t\t\t<\/div>","protected":false},"excerpt":{"rendered":"<p>The Swiss Riviera is a unique sight, where the Alps plunge into Lake Geneva, bathed in soft light and a surprisingly mild climate. Between terraced vineyards and elegant towns, it embodies a refined and discreet art of living.<\/p>","protected":false},"author":2,"featured_media":25821,"comment_status":"closed","ping_status":"closed","sticky":false,"template":"elementor_header_footer","format":"standard","meta":{"_acf_changed":false,"footnotes":""},"categories":[1],"tags":[],"class_list":["post-25819","post","type-post","status-publish","format-standard","has-post-thumbnail","hentry","category-carnet-de-voyage"],"acf":[],"yoast_head":"<!-- This site is optimized with the Yoast SEO plugin v26.6 - https:\/\/yoast.com\/wordpress\/plugins\/seo\/ -->\n<title>S\u00e9jour Priv\u00e9 - La Riviera suisse, l\u2019un des secrets les mieux gard\u00e9s d\u2019Europe<\/title>\n<meta name=\"description\" content=\"La Riviera suisse offre un spectacle unique o\u00f9 les Alpes plongent dans le lac L\u00e9man, baign\u00e9 d\u2019une lumi\u00e8re douce et d\u2019un climat \u00e9tonnamment cl\u00e9ment. Entre vignobles en terrasses et villes \u00e9l\u00e9gantes, elle incarne un art de vivre raffin\u00e9 et discret.\" \/>\n<meta name=\"robots\" content=\"index, follow, max-snippet:-1, max-image-preview:large, max-video-preview:-1\" \/>\n<link rel=\"canonical\" href=\"https:\/\/www.sejourprive.com\/en\/la-riviera-suisse-lun-des-secrets-les-mieux-gardes-deurope\/\" \/>\n<meta property=\"og:locale\" content=\"en_GB\" \/>\n<meta property=\"og:type\" content=\"article\" \/>\n<meta property=\"og:title\" content=\"S\u00e9jour Priv\u00e9 - La Riviera suisse, l\u2019un des secrets les mieux gard\u00e9s d\u2019Europe\" \/>\n<meta property=\"og:description\" content=\"La Riviera suisse offre un spectacle unique o\u00f9 les Alpes plongent dans le lac L\u00e9man, baign\u00e9 d\u2019une lumi\u00e8re douce et d\u2019un climat \u00e9tonnamment cl\u00e9ment. Entre vignobles en terrasses et villes \u00e9l\u00e9gantes, elle incarne un art de vivre raffin\u00e9 et discret.\" \/>\n<meta property=\"og:url\" content=\"https:\/\/www.sejourprive.com\/en\/la-riviera-suisse-lun-des-secrets-les-mieux-gardes-deurope\/\" \/>\n<meta property=\"og:site_name\" content=\"S\u00e9jour Priv\u00e9\" \/>\n<meta property=\"article:published_time\" content=\"2026-02-05T07:56:40+00:00\" \/>\n<meta property=\"article:modified_time\" content=\"2026-03-02T10:19:11+00:00\" \/>\n<meta property=\"og:image\" content=\"https:\/\/www.sejourprive.com\/wp-content\/uploads\/2026\/02\/Sejour-Prive_Riviera-Suisse_IMG-1.jpg\" \/>\n\t<meta property=\"og:image:width\" content=\"1920\" \/>\n\t<meta property=\"og:image:height\" content=\"1080\" \/>\n\t<meta property=\"og:image:type\" content=\"image\/jpeg\" \/>\n<meta name=\"author\" content=\"bruno@sp\" \/>\n<meta name=\"twitter:card\" content=\"summary_large_image\" \/>\n<meta name=\"twitter:label1\" content=\"Written by\" \/>\n\t<meta name=\"twitter:data1\" content=\"bruno@sp\" \/>\n\t<meta name=\"twitter:label2\" content=\"Estimated reading time\" \/>\n\t<meta name=\"twitter:data2\" content=\"7 minutes\" \/>\n<script type=\"application\/ld+json\" class=\"yoast-schema-graph\">{\"@context\":\"https:\/\/schema.org\",\"@graph\":[{\"@type\":\"Article\",\"@id\":\"https:\/\/www.sejourprive.com\/la-riviera-suisse-lun-des-secrets-les-mieux-gardes-deurope\/#article\",\"isPartOf\":{\"@id\":\"https:\/\/www.sejourprive.com\/la-riviera-suisse-lun-des-secrets-les-mieux-gardes-deurope\/\"},\"author\":{\"name\":\"bruno@sp\",\"@id\":\"https:\/\/www.sejourprive.com\/#\/schema\/person\/c99953876991ca0127fc0b0f2002d556\"},\"headline\":\"La Riviera suisse, l\u2019un des secrets les mieux gard\u00e9s d\u2019Europe\",\"datePublished\":\"2026-02-05T07:56:40+00:00\",\"dateModified\":\"2026-03-02T10:19:11+00:00\",\"mainEntityOfPage\":{\"@id\":\"https:\/\/www.sejourprive.com\/la-riviera-suisse-lun-des-secrets-les-mieux-gardes-deurope\/\"},\"wordCount\":1021,\"publisher\":{\"@id\":\"https:\/\/www.sejourprive.com\/#organization\"},\"image\":{\"@id\":\"https:\/\/www.sejourprive.com\/la-riviera-suisse-lun-des-secrets-les-mieux-gardes-deurope\/#primaryimage\"},\"thumbnailUrl\":\"https:\/\/www.sejourprive.com\/wp-content\/uploads\/2026\/02\/Sejour-Prive_Riviera-Suisse_IMG-1.jpg\",\"articleSection\":[\"Carnet de voyage\"],\"inLanguage\":\"en-GB\"},{\"@type\":\"WebPage\",\"@id\":\"https:\/\/www.sejourprive.com\/la-riviera-suisse-lun-des-secrets-les-mieux-gardes-deurope\/\",\"url\":\"https:\/\/www.sejourprive.com\/la-riviera-suisse-lun-des-secrets-les-mieux-gardes-deurope\/\",\"name\":\"S\u00e9jour Priv\u00e9 - La Riviera suisse, l\u2019un des secrets les mieux gard\u00e9s d\u2019Europe\",\"isPartOf\":{\"@id\":\"https:\/\/www.sejourprive.com\/#website\"},\"primaryImageOfPage\":{\"@id\":\"https:\/\/www.sejourprive.com\/la-riviera-suisse-lun-des-secrets-les-mieux-gardes-deurope\/#primaryimage\"},\"image\":{\"@id\":\"https:\/\/www.sejourprive.com\/la-riviera-suisse-lun-des-secrets-les-mieux-gardes-deurope\/#primaryimage\"},\"thumbnailUrl\":\"https:\/\/www.sejourprive.com\/wp-content\/uploads\/2026\/02\/Sejour-Prive_Riviera-Suisse_IMG-1.jpg\",\"datePublished\":\"2026-02-05T07:56:40+00:00\",\"dateModified\":\"2026-03-02T10:19:11+00:00\",\"description\":\"La Riviera suisse offre un spectacle unique o\u00f9 les Alpes plongent dans le lac L\u00e9man, baign\u00e9 d\u2019une lumi\u00e8re douce et d\u2019un climat \u00e9tonnamment cl\u00e9ment. Entre vignobles en terrasses et villes \u00e9l\u00e9gantes, elle incarne un art de vivre raffin\u00e9 et discret.\",\"breadcrumb\":{\"@id\":\"https:\/\/www.sejourprive.com\/la-riviera-suisse-lun-des-secrets-les-mieux-gardes-deurope\/#breadcrumb\"},\"inLanguage\":\"en-GB\",\"potentialAction\":[{\"@type\":\"ReadAction\",\"target\":[\"https:\/\/www.sejourprive.com\/la-riviera-suisse-lun-des-secrets-les-mieux-gardes-deurope\/\"]}]},{\"@type\":\"ImageObject\",\"inLanguage\":\"en-GB\",\"@id\":\"https:\/\/www.sejourprive.com\/la-riviera-suisse-lun-des-secrets-les-mieux-gardes-deurope\/#primaryimage\",\"url\":\"https:\/\/www.sejourprive.com\/wp-content\/uploads\/2026\/02\/Sejour-Prive_Riviera-Suisse_IMG-1.jpg\",\"contentUrl\":\"https:\/\/www.sejourprive.com\/wp-content\/uploads\/2026\/02\/Sejour-Prive_Riviera-Suisse_IMG-1.jpg\",\"width\":1920,\"height\":1080},{\"@type\":\"BreadcrumbList\",\"@id\":\"https:\/\/www.sejourprive.com\/la-riviera-suisse-lun-des-secrets-les-mieux-gardes-deurope\/#breadcrumb\",\"itemListElement\":[{\"@type\":\"ListItem\",\"position\":1,\"name\":\"Accueil\",\"item\":\"https:\/\/www.sejourprive.com\/\"},{\"@type\":\"ListItem\",\"position\":2,\"name\":\"La Riviera suisse, l\u2019un des secrets les mieux gard\u00e9s d\u2019Europe\"}]},{\"@type\":\"WebSite\",\"@id\":\"https:\/\/www.sejourprive.com\/#website\",\"url\":\"https:\/\/www.sejourprive.com\/\",\"name\":\"S\u00e9jour Priv\u00e9\",\"description\":\"Nous imaginons pour vous des s\u00e9jours d\u2019exception.\",\"publisher\":{\"@id\":\"https:\/\/www.sejourprive.com\/#organization\"},\"potentialAction\":[{\"@type\":\"SearchAction\",\"target\":{\"@type\":\"EntryPoint\",\"urlTemplate\":\"https:\/\/www.sejourprive.com\/?s={search_term_string}\"},\"query-input\":{\"@type\":\"PropertyValueSpecification\",\"valueRequired\":true,\"valueName\":\"search_term_string\"}}],\"inLanguage\":\"en-GB\"},{\"@type\":\"Organization\",\"@id\":\"https:\/\/www.sejourprive.com\/#organization\",\"name\":\"S\u00e9jour Priv\u00e9\",\"url\":\"https:\/\/www.sejourprive.com\/\",\"logo\":{\"@type\":\"ImageObject\",\"inLanguage\":\"en-GB\",\"@id\":\"https:\/\/www.sejourprive.com\/#\/schema\/logo\/image\/\",\"url\":\"https:\/\/www.sejourprive.com\/wp-content\/uploads\/2026\/02\/SP-Apple-touch-144-couleur-1-2.png\",\"contentUrl\":\"https:\/\/www.sejourprive.com\/wp-content\/uploads\/2026\/02\/SP-Apple-touch-144-couleur-1-2.png\",\"width\":145,\"height\":145,\"caption\":\"S\u00e9jour Priv\u00e9\"},\"image\":{\"@id\":\"https:\/\/www.sejourprive.com\/#\/schema\/logo\/image\/\"}},{\"@type\":\"Person\",\"@id\":\"https:\/\/www.sejourprive.com\/#\/schema\/person\/c99953876991ca0127fc0b0f2002d556\",\"name\":\"bruno@sp\",\"url\":\"https:\/\/www.sejourprive.com\/en\/author\/brunosp\/\"}]}<\/script>\n<!-- \/ Yoast SEO plugin. -->","yoast_head_json":{"title":"S\u00e9jour Priv\u00e9 - La Riviera suisse, l\u2019un des secrets les mieux gard\u00e9s d\u2019Europe","description":"The Swiss Riviera is a unique sight, where the Alps plunge into Lake Geneva, bathed in soft light and a surprisingly mild climate. Between terraced vineyards and elegant towns, it embodies a refined and discreet art of living.","robots":{"index":"index","follow":"follow","max-snippet":"max-snippet:-1","max-image-preview":"max-image-preview:large","max-video-preview":"max-video-preview:-1"},"canonical":"https:\/\/www.sejourprive.com\/en\/la-riviera-suisse-lun-des-secrets-les-mieux-gardes-deurope\/","og_locale":"en_GB","og_type":"article","og_title":"S\u00e9jour Priv\u00e9 - La Riviera suisse, l\u2019un des secrets les mieux gard\u00e9s d\u2019Europe","og_description":"La Riviera suisse offre un spectacle unique o\u00f9 les Alpes plongent dans le lac L\u00e9man, baign\u00e9 d\u2019une lumi\u00e8re douce et d\u2019un climat \u00e9tonnamment cl\u00e9ment. Entre vignobles en terrasses et villes \u00e9l\u00e9gantes, elle incarne un art de vivre raffin\u00e9 et discret.","og_url":"https:\/\/www.sejourprive.com\/en\/la-riviera-suisse-lun-des-secrets-les-mieux-gardes-deurope\/","og_site_name":"S\u00e9jour Priv\u00e9","article_published_time":"2026-02-05T07:56:40+00:00","article_modified_time":"2026-03-02T10:19:11+00:00","og_image":[{"width":1920,"height":1080,"url":"https:\/\/www.sejourprive.com\/wp-content\/uploads\/2026\/02\/Sejour-Prive_Riviera-Suisse_IMG-1.jpg","type":"image\/jpeg"}],"author":"bruno@sp","twitter_card":"summary_large_image","twitter_misc":{"Written by":"bruno@sp","Estimated reading time":"7 minutes"},"schema":{"@context":"https:\/\/schema.org","@graph":[{"@type":"Article","@id":"https:\/\/www.sejourprive.com\/la-riviera-suisse-lun-des-secrets-les-mieux-gardes-deurope\/#article","isPartOf":{"@id":"https:\/\/www.sejourprive.com\/la-riviera-suisse-lun-des-secrets-les-mieux-gardes-deurope\/"},"author":{"name":"bruno@sp","@id":"https:\/\/www.sejourprive.com\/#\/schema\/person\/c99953876991ca0127fc0b0f2002d556"},"headline":"La Riviera suisse, l\u2019un des secrets les mieux gard\u00e9s d\u2019Europe","datePublished":"2026-02-05T07:56:40+00:00","dateModified":"2026-03-02T10:19:11+00:00","mainEntityOfPage":{"@id":"https:\/\/www.sejourprive.com\/la-riviera-suisse-lun-des-secrets-les-mieux-gardes-deurope\/"},"wordCount":1021,"publisher":{"@id":"https:\/\/www.sejourprive.com\/#organization"},"image":{"@id":"https:\/\/www.sejourprive.com\/la-riviera-suisse-lun-des-secrets-les-mieux-gardes-deurope\/#primaryimage"},"thumbnailUrl":"https:\/\/www.sejourprive.com\/wp-content\/uploads\/2026\/02\/Sejour-Prive_Riviera-Suisse_IMG-1.jpg","articleSection":["Carnet de voyage"],"inLanguage":"en-GB"},{"@type":"WebPage","@id":"https:\/\/www.sejourprive.com\/la-riviera-suisse-lun-des-secrets-les-mieux-gardes-deurope\/","url":"https:\/\/www.sejourprive.com\/la-riviera-suisse-lun-des-secrets-les-mieux-gardes-deurope\/","name":"S\u00e9jour Priv\u00e9 - La Riviera suisse, l\u2019un des secrets les mieux gard\u00e9s d\u2019Europe","isPartOf":{"@id":"https:\/\/www.sejourprive.com\/#website"},"primaryImageOfPage":{"@id":"https:\/\/www.sejourprive.com\/la-riviera-suisse-lun-des-secrets-les-mieux-gardes-deurope\/#primaryimage"},"image":{"@id":"https:\/\/www.sejourprive.com\/la-riviera-suisse-lun-des-secrets-les-mieux-gardes-deurope\/#primaryimage"},"thumbnailUrl":"https:\/\/www.sejourprive.com\/wp-content\/uploads\/2026\/02\/Sejour-Prive_Riviera-Suisse_IMG-1.jpg","datePublished":"2026-02-05T07:56:40+00:00","dateModified":"2026-03-02T10:19:11+00:00","description":"The Swiss Riviera is a unique sight, where the Alps plunge into Lake Geneva, bathed in soft light and a surprisingly mild climate. Between terraced vineyards and elegant towns, it embodies a refined and discreet art of living.","breadcrumb":{"@id":"https:\/\/www.sejourprive.com\/la-riviera-suisse-lun-des-secrets-les-mieux-gardes-deurope\/#breadcrumb"},"inLanguage":"en-GB","potentialAction":[{"@type":"ReadAction","target":["https:\/\/www.sejourprive.com\/la-riviera-suisse-lun-des-secrets-les-mieux-gardes-deurope\/"]}]},{"@type":"ImageObject","inLanguage":"en-GB","@id":"https:\/\/www.sejourprive.com\/la-riviera-suisse-lun-des-secrets-les-mieux-gardes-deurope\/#primaryimage","url":"https:\/\/www.sejourprive.com\/wp-content\/uploads\/2026\/02\/Sejour-Prive_Riviera-Suisse_IMG-1.jpg","contentUrl":"https:\/\/www.sejourprive.com\/wp-content\/uploads\/2026\/02\/Sejour-Prive_Riviera-Suisse_IMG-1.jpg","width":1920,"height":1080},{"@type":"BreadcrumbList","@id":"https:\/\/www.sejourprive.com\/la-riviera-suisse-lun-des-secrets-les-mieux-gardes-deurope\/#breadcrumb","itemListElement":[{"@type":"ListItem","position":1,"name":"Accueil","item":"https:\/\/www.sejourprive.com\/"},{"@type":"ListItem","position":2,"name":"La Riviera suisse, l\u2019un des secrets les mieux gard\u00e9s d\u2019Europe"}]},{"@type":"WebSite","@id":"https:\/\/www.sejourprive.com\/#website","url":"https:\/\/www.sejourprive.com\/","name":"Private Stay","description":"We design exceptional holidays for you.","publisher":{"@id":"https:\/\/www.sejourprive.com\/#organization"},"potentialAction":[{"@type":"SearchAction","target":{"@type":"EntryPoint","urlTemplate":"https:\/\/www.sejourprive.com\/?s={search_term_string}"},"query-input":{"@type":"PropertyValueSpecification","valueRequired":true,"valueName":"search_term_string"}}],"inLanguage":"en-GB"},{"@type":"Organization","@id":"https:\/\/www.sejourprive.com\/#organization","name":"Private Stay","url":"https:\/\/www.sejourprive.com\/","logo":{"@type":"ImageObject","inLanguage":"en-GB","@id":"https:\/\/www.sejourprive.com\/#\/schema\/logo\/image\/","url":"https:\/\/www.sejourprive.com\/wp-content\/uploads\/2026\/02\/SP-Apple-touch-144-couleur-1-2.png","contentUrl":"https:\/\/www.sejourprive.com\/wp-content\/uploads\/2026\/02\/SP-Apple-touch-144-couleur-1-2.png","width":145,"height":145,"caption":"S\u00e9jour Priv\u00e9"},"image":{"@id":"https:\/\/www.sejourprive.com\/#\/schema\/logo\/image\/"}},{"@type":"Person","@id":"https:\/\/www.sejourprive.com\/#\/schema\/person\/c99953876991ca0127fc0b0f2002d556","name":"bruno@sp","url":"https:\/\/www.sejourprive.com\/en\/author\/brunosp\/"}]}},"_links":{"self":[{"href":"https:\/\/www.sejourprive.com\/en\/wp-json\/wp\/v2\/posts\/25819","targetHints":{"allow":["GET"]}}],"collection":[{"href":"https:\/\/www.sejourprive.com\/en\/wp-json\/wp\/v2\/posts"}],"about":[{"href":"https:\/\/www.sejourprive.com\/en\/wp-json\/wp\/v2\/types\/post"}],"author":[{"embeddable":true,"href":"https:\/\/www.sejourprive.com\/en\/wp-json\/wp\/v2\/users\/2"}],"replies":[{"embeddable":true,"href":"https:\/\/www.sejourprive.com\/en\/wp-json\/wp\/v2\/comments?post=25819"}],"version-history":[{"count":0,"href":"https:\/\/www.sejourprive.com\/en\/wp-json\/wp\/v2\/posts\/25819\/revisions"}],"wp:featuredmedia":[{"embeddable":true,"href":"https:\/\/www.sejourprive.com\/en\/wp-json\/wp\/v2\/media\/25821"}],"wp:attachment":[{"href":"https:\/\/www.sejourprive.com\/en\/wp-json\/wp\/v2\/media?parent=25819"}],"wp:term":[{"taxonomy":"category","embeddable":true,"href":"https:\/\/www.sejourprive.com\/en\/wp-json\/wp\/v2\/categories?post=25819"},{"taxonomy":"post_tag","embeddable":true,"href":"https:\/\/www.sejourprive.com\/en\/wp-json\/wp\/v2\/tags?post=25819"}],"curies":[{"name":"wp","href":"https:\/\/api.w.org\/{rel}","templated":true}]}}