{"id":24133,"date":"2026-01-28T14:30:13","date_gmt":"2026-01-28T13:30:13","guid":{"rendered":"https:\/\/www.sejourprive.com\/?p=24133"},"modified":"2026-03-02T11:19:12","modified_gmt":"2026-03-02T10:19:12","slug":"la-grece-hors-saison-le-privilege-de-ceux-qui-savent-quand-partir","status":"publish","type":"post","link":"https:\/\/www.sejourprive.com\/en\/la-grece-hors-saison-le-privilege-de-ceux-qui-savent-quand-partir\/","title":{"rendered":"Greece out of season, the privilege of those who know when to leave"},"content":{"rendered":"<div data-elementor-type=\"wp-post\" data-elementor-id=\"24133\" class=\"elementor elementor-24133\" data-elementor-post-type=\"post\">\n\t\t\t\t<div class=\"elementor-element elementor-element-3353846e e-flex e-con-boxed tm-col-stretched-none tm-bg-color-over-image e-con e-parent\" data-id=\"3353846e\" data-element_type=\"container\" data-e-type=\"container\" data-settings=\"{&quot;background_background&quot;:&quot;classic&quot;}\">\n\t\t\t\t\t<div class=\"e-con-inner\">\n\t\t<div class=\"elementor-element elementor-element-4cfdbf57 e-con-full e-flex tm-col-stretched-none tm-bg-color-over-image e-con e-child\" data-id=\"4cfdbf57\" data-element_type=\"container\" data-e-type=\"container\">\n\t\t\t\t<div class=\"elementor-element elementor-element-5751b39c horizontal-line-align-left vertical-line-align-bottom elementor-widget elementor-widget-tm-ele-section-title\" data-id=\"5751b39c\" data-element_type=\"widget\" data-e-type=\"widget\" data-widget_type=\"tm-ele-section-title.default\">\n\t\t\t\t<div class=\"elementor-widget-container\">\n\t\t\t\t\t<div class=\"tm-sc-section-title section-title\">\r\n\t<div class=\"title-wrapper\">\r\n\t\t\t\t\t\t\t<h1 class=\"title tm-split-text split-in-right\">\r\n\r\n\t\t\r\n\t\t\t\t<span class=\"title-part1\">Greece out of season, the privilege of those who know when to leave<\/span>\r\n\t\t\t\t\r\n\t\t\r\n\t<\/h1>\r\n\t<div class=\"title-seperator-line\"><\/div>\t\t\t\t\t\t<\/div>\r\n<\/div>\t\t\t\t<\/div>\n\t\t\t\t<\/div>\n\t\t\t\t<div class=\"elementor-element elementor-element-41b33fea elementor-align-center elementor-widget elementor-widget-post-info\" data-id=\"41b33fea\" data-element_type=\"widget\" data-e-type=\"widget\" data-widget_type=\"post-info.default\">\n\t\t\t\t<div class=\"elementor-widget-container\">\n\t\t\t\t\t\t\t<ul class=\"elementor-icon-list-items elementor-post-info\">\n\t\t\t\t\t\t\t\t<li class=\"elementor-icon-list-item elementor-repeater-item-0e93a3f\" itemprop=\"datePublished\">\n\t\t\t\t\t\t\t\t\t\t\t\t\t<span class=\"elementor-icon-list-text elementor-post-info__item elementor-post-info__item--type-date\">\n\t\t\t\t\t\t\t\t\t\t<time>28\/01\/2026<\/time>\t\t\t\t\t<\/span>\n\t\t\t\t\t\t\t\t<\/li>\n\t\t\t\t<\/ul>\n\t\t\t\t\t\t<\/div>\n\t\t\t\t<\/div>\n\t\t\t\t<div class=\"elementor-element elementor-element-37c7db46 elementor-widget elementor-widget-image\" data-id=\"37c7db46\" data-element_type=\"widget\" data-e-type=\"widget\" data-widget_type=\"image.default\">\n\t\t\t\t<div class=\"elementor-widget-container\">\n\t\t\t\t\t\t\t\t\t\t\t\t\t\t\t<img fetchpriority=\"high\" decoding=\"async\" width=\"1920\" height=\"1080\" src=\"https:\/\/www.sejourprive.com\/wp-content\/uploads\/2026\/01\/Sejour-Prive_La-grece-hors-saison_IMG-1.jpg\" class=\"attachment-full size-full wp-image-24135\" alt=\"\" srcset=\"https:\/\/www.sejourprive.com\/wp-content\/uploads\/2026\/01\/Sejour-Prive_La-grece-hors-saison_IMG-1.jpg 1920w, https:\/\/www.sejourprive.com\/wp-content\/uploads\/2026\/01\/Sejour-Prive_La-grece-hors-saison_IMG-1-300x169.jpg 300w, https:\/\/www.sejourprive.com\/wp-content\/uploads\/2026\/01\/Sejour-Prive_La-grece-hors-saison_IMG-1-1024x576.jpg 1024w, https:\/\/www.sejourprive.com\/wp-content\/uploads\/2026\/01\/Sejour-Prive_La-grece-hors-saison_IMG-1-768x432.jpg 768w, https:\/\/www.sejourprive.com\/wp-content\/uploads\/2026\/01\/Sejour-Prive_La-grece-hors-saison_IMG-1-1536x864.jpg 1536w, https:\/\/www.sejourprive.com\/wp-content\/uploads\/2026\/01\/Sejour-Prive_La-grece-hors-saison_IMG-1-18x10.jpg 18w, https:\/\/www.sejourprive.com\/wp-content\/uploads\/2026\/01\/Sejour-Prive_La-grece-hors-saison_IMG-1-600x338.jpg 600w\" sizes=\"255px\" data-kodelisting-lazy-load-sizes=\"(max-width: 1920px) 100vw, 1920px\" data-kodelisting-loading-image=\"on\" \/>\t\t\t\t\t\t\t\t\t\t\t\t\t\t\t<\/div>\n\t\t\t\t<\/div>\n\t\t\t\t<div class=\"elementor-element elementor-element-196dfd1a elementor-widget__width-initial elementor-widget elementor-widget-tm-ele-text-editor\" data-id=\"196dfd1a\" data-element_type=\"widget\" data-e-type=\"widget\" data-widget_type=\"tm-ele-text-editor.default\">\n\t\t\t\t<div class=\"elementor-widget-container\">\n\t\t\t\t\t\t\t<div class=\"tm-text-editor\">\r\n\t\t<p class=\"p2\"><span class=\"s1\"> <\/span>Greece has long been associated with summer, bright light and sun-drenched beaches. Yet the most discerning traveller knows that the real luxury lies in discovering the country outside its peak tourist season. Away from the high season, Greece reveals a more intimate, sincere face, deeply attached to its natural rhythm.<\/p><p class=\"p2\">While the peak tourist season is concentrated between mid-July and mid-August, the Greek season now extends well beyond that. It generally begins around Easter and lasts until the end of September, or even later on some islands. After the summer, when the crowds retreat, another Greece begins - quieter, more elegant, more authentic.<\/p><h3 class=\"p3\">Spring: Greece in its purest form <b><\/b><\/h3><p class=\"p2\">From March to May, the country comes alive. Temperatures of between 15 and 25 degrees offer ideal conditions for exploring, walking and breathing. Nature is at its best, with rolling green hills, fields of wild flowers and the scent of fresh herbs.<\/p><p class=\"p2\">The great archaeological sites can be discovered in rare peace and quiet, allowing a more personal relationship with history. Spring is also marked by Easter, the most important festival in the Greek calendar. Processions, family feasts, deeply rooted traditions: it's a precious immersion in Greek culture, far removed from the tourist scene.<\/p><p class=\"p2\"><b>Who is it for? <\/b>Travellers in search of meaning, culture and living landscapes, in a serene atmosphere.<\/p><h3 class=\"p3\">Autumn: controlled softness <b><\/b><\/h3><p class=\"p2\">From September to November, Greece enters a season of abundance and maturity. The light is softer, temperatures remain pleasant - often between 20 and 25 degrees in September - and the sea remains warm.<\/p><p class=\"p2\">Autumn is a great time for gastronomy: grape harvests, new wine, olive picking, mushrooms and seasonal dishes are the order of the day in local life. The countryside comes alive, revealing a hard-working, generous and deeply authentic Greece.<\/p><p class=\"p2\">On the islands, the Indian summer lives up to its name. On Crete and Rhodes, bathing is still possible until mid-November. The wind dies down in the Aegean, offering ideal conditions for sailing and seaside holidays.<\/p><p class=\"p2\"><b>Who is it for? <\/b>Those looking for the elegance of calm, the sea without the crowds, and refined seasonal cuisine.<\/p>\t\t<\/div>\r\n\t\t\t\t\t<\/div>\n\t\t\t\t<\/div>\n\t\t\t\t<div class=\"elementor-element elementor-element-7b4c810e elementor-widget elementor-widget-spacer\" data-id=\"7b4c810e\" data-element_type=\"widget\" data-e-type=\"widget\" data-widget_type=\"spacer.default\">\n\t\t\t\t<div class=\"elementor-widget-container\">\n\t\t\t\t\t\t\t<div class=\"elementor-spacer\">\n\t\t\t<div class=\"elementor-spacer-inner\"><\/div>\n\t\t<\/div>\n\t\t\t\t\t\t<\/div>\n\t\t\t\t<\/div>\n\t\t<div class=\"elementor-element elementor-element-2e7bb823 e-flex e-con-boxed tm-col-stretched-none tm-bg-color-over-image e-con e-child\" data-id=\"2e7bb823\" data-element_type=\"container\" data-e-type=\"container\">\n\t\t\t\t\t<div class=\"e-con-inner\">\n\t\t<div class=\"elementor-element elementor-element-c75f66e e-con-full e-flex tm-col-stretched-none tm-bg-color-over-image e-con e-child\" data-id=\"c75f66e\" data-element_type=\"container\" data-e-type=\"container\">\n\t\t\t\t<div class=\"elementor-element elementor-element-8c2daa2 elementor-widget elementor-widget-image\" data-id=\"8c2daa2\" data-element_type=\"widget\" data-e-type=\"widget\" data-widget_type=\"image.default\">\n\t\t\t\t<div class=\"elementor-widget-container\">\n\t\t\t\t\t\t\t\t\t\t\t\t\t\t\t<img decoding=\"async\" width=\"809\" height=\"1080\" src=\"https:\/\/www.sejourprive.com\/wp-content\/uploads\/2026\/01\/Sejour-Prive_La-grece-hors-saison_IMG-2.jpg\" class=\"attachment-full size-full wp-image-24136\" alt=\"\" srcset=\"https:\/\/www.sejourprive.com\/wp-content\/uploads\/2026\/01\/Sejour-Prive_La-grece-hors-saison_IMG-2.jpg 809w, https:\/\/www.sejourprive.com\/wp-content\/uploads\/2026\/01\/Sejour-Prive_La-grece-hors-saison_IMG-2-225x300.jpg 225w, https:\/\/www.sejourprive.com\/wp-content\/uploads\/2026\/01\/Sejour-Prive_La-grece-hors-saison_IMG-2-767x1024.jpg 767w, https:\/\/www.sejourprive.com\/wp-content\/uploads\/2026\/01\/Sejour-Prive_La-grece-hors-saison_IMG-2-768x1025.jpg 768w, https:\/\/www.sejourprive.com\/wp-content\/uploads\/2026\/01\/Sejour-Prive_La-grece-hors-saison_IMG-2-9x12.jpg 9w, https:\/\/www.sejourprive.com\/wp-content\/uploads\/2026\/01\/Sejour-Prive_La-grece-hors-saison_IMG-2-600x801.jpg 600w\" sizes=\"255px\" data-kodelisting-lazy-load-sizes=\"(max-width: 809px) 100vw, 809px\" data-kodelisting-loading-image=\"on\" \/>\t\t\t\t\t\t\t\t\t\t\t\t\t\t\t<\/div>\n\t\t\t\t<\/div>\n\t\t\t\t<\/div>\n\t\t<div class=\"elementor-element elementor-element-6144f39 tm-col-stretched-none e-con-full e-flex tm-bg-color-over-image e-con e-child\" data-id=\"6144f39\" data-element_type=\"container\" data-e-type=\"container\">\n\t\t\t\t<div class=\"elementor-element elementor-element-6cb9993a elementor-widget elementor-widget-image\" data-id=\"6cb9993a\" data-element_type=\"widget\" data-e-type=\"widget\" data-widget_type=\"image.default\">\n\t\t\t\t<div class=\"elementor-widget-container\">\n\t\t\t\t\t\t\t\t\t\t\t\t\t\t\t<img decoding=\"async\" width=\"1024\" height=\"683\" src=\"https:\/\/www.sejourprive.com\/wp-content\/uploads\/2026\/01\/Sejour-Prive_La-grece-hors-saison_IMG-3-1024x683.jpg\" class=\"attachment-large size-large wp-image-24137\" alt=\"\" srcset=\"https:\/\/www.sejourprive.com\/wp-content\/uploads\/2026\/01\/Sejour-Prive_La-grece-hors-saison_IMG-3-1024x683.jpg 1024w, https:\/\/www.sejourprive.com\/wp-content\/uploads\/2026\/01\/Sejour-Prive_La-grece-hors-saison_IMG-3-300x200.jpg 300w, https:\/\/www.sejourprive.com\/wp-content\/uploads\/2026\/01\/Sejour-Prive_La-grece-hors-saison_IMG-3-768x512.jpg 768w, https:\/\/www.sejourprive.com\/wp-content\/uploads\/2026\/01\/Sejour-Prive_La-grece-hors-saison_IMG-3-1536x1024.jpg 1536w, https:\/\/www.sejourprive.com\/wp-content\/uploads\/2026\/01\/Sejour-Prive_La-grece-hors-saison_IMG-3-18x12.jpg 18w, https:\/\/www.sejourprive.com\/wp-content\/uploads\/2026\/01\/Sejour-Prive_La-grece-hors-saison_IMG-3-672x448.jpg 672w, https:\/\/www.sejourprive.com\/wp-content\/uploads\/2026\/01\/Sejour-Prive_La-grece-hors-saison_IMG-3-600x400.jpg 600w, https:\/\/www.sejourprive.com\/wp-content\/uploads\/2026\/01\/Sejour-Prive_La-grece-hors-saison_IMG-3.jpg 1920w\" sizes=\"255px\" data-kodelisting-lazy-load-sizes=\"(max-width: 1024px) 100vw, 1024px\" data-kodelisting-loading-image=\"on\" \/>\t\t\t\t\t\t\t\t\t\t\t\t\t\t\t<\/div>\n\t\t\t\t<\/div>\n\t\t\t\t<\/div>\n\t\t\t\t\t<\/div>\n\t\t\t\t<\/div>\n\t\t\t\t<div class=\"elementor-element elementor-element-90fcb50 elementor-widget elementor-widget-spacer\" data-id=\"90fcb50\" data-element_type=\"widget\" data-e-type=\"widget\" data-widget_type=\"spacer.default\">\n\t\t\t\t<div class=\"elementor-widget-container\">\n\t\t\t\t\t\t\t<div class=\"elementor-spacer\">\n\t\t\t<div class=\"elementor-spacer-inner\"><\/div>\n\t\t<\/div>\n\t\t\t\t\t\t<\/div>\n\t\t\t\t<\/div>\n\t\t\t\t<div class=\"elementor-element elementor-element-7b95ec26 elementor-widget__width-initial elementor-widget elementor-widget-tm-ele-text-editor\" data-id=\"7b95ec26\" data-element_type=\"widget\" data-e-type=\"widget\" data-widget_type=\"tm-ele-text-editor.default\">\n\t\t\t\t<div class=\"elementor-widget-container\">\n\t\t\t\t\t\t\t<div class=\"tm-text-editor\">\r\n\t\t<h3 class=\"p1\">Winter: confidential Greece <b><\/b><\/h3><p class=\"p2\">From December to March, Greece enters a largely unknown - yet fascinating - season. On the coast, temperatures remain mild. In the mountains, resorts such as Mount Parnassus or Kalavryta offer an unexpected alternative with skiing, just a few hours from Athens.<\/p><p class=\"p2\">The big cities, Athens and Thessaloniki in particular, are adorned with a hushed atmosphere. Museums, galleries, restaurants and historic sites can be discovered without crowds, in an almost meditative calm. This is a more interior, more cultural Greece, reserved for those who take the time.<\/p><p class=\"p2\">Some of the islands are still very much alive: Syros, the administrative capital of the Cyclades, Andros and Milos are still bustling with local activity all year round. Santorini, on the other hand, never really dies out. Mykonos, more peaceful, is particularly attractive in spring and autumn.<\/p><p class=\"p2\"><b>Who is it for? <\/b>Experienced travellers who love culture, slow-paced pace and off-the-beaten-track experiences.<\/p><h3 class=\"p1\">The luxury of good timing <b><\/b><\/h3><p class=\"p2\">Travelling out of season in Greece means making the right choice. Places breathe, exchanges with the locals become natural, and landscapes regain their balance. Paths are explored in silence, food is savoured without haste, and seasonal gastronomy reveals all its depth.<\/p><p class=\"p2\">It's also a pragmatic luxury: more availability, more flexible conditions and privileged access to places that are usually highly sought-after.<\/p><p class=\"p2\">That's why we've selected destinations that are accessible all year round, thanks to regular connections, and whose lives don't depend solely on summer tourism. Islands and regions that are alive, breathing and welcoming, even when summer has gone.<\/p><p class=\"p2\">Because in Greece, the real privilege is not just knowing where to go, but above all knowing how to get there. <b>when<\/b>.<\/p>\t\t<\/div>\r\n\t\t\t\t\t<\/div>\n\t\t\t\t<\/div>\n\t\t\t\t<\/div>\n\t\t\t\t\t<\/div>\n\t\t\t\t<\/div>\n\t\t<div class=\"elementor-element elementor-element-348e6c8f e-flex e-con-boxed tm-col-stretched-none tm-bg-color-over-image e-con e-parent\" data-id=\"348e6c8f\" data-element_type=\"container\" data-e-type=\"container\" data-settings=\"{&quot;background_background&quot;:&quot;classic&quot;}\">\n\t\t\t\t\t<div class=\"e-con-inner\">\n\t\t<div class=\"elementor-element elementor-element-5393bf50 e-con-full e-flex tm-col-stretched-none tm-bg-color-over-image e-con e-child\" data-id=\"5393bf50\" data-element_type=\"container\" data-e-type=\"container\">\n\t\t<div class=\"elementor-element elementor-element-6f9e8aa e-con-full tm-col-stretched-none e-flex tm-bg-color-over-image e-con e-child\" data-id=\"6f9e8aa\" data-element_type=\"container\" data-e-type=\"container\">\n\t\t\t\t<div class=\"elementor-element elementor-element-dd32836 elementor-view-default elementor-widget elementor-widget-icon\" data-id=\"dd32836\" data-element_type=\"widget\" data-e-type=\"widget\" data-widget_type=\"icon.default\">\n\t\t\t\t<div class=\"elementor-widget-container\">\n\t\t\t\t\t\t\t<div class=\"elementor-icon-wrapper\">\n\t\t\t<div class=\"elementor-icon\">\n\t\t\t<svg xmlns=\"http:\/\/www.w3.org\/2000\/svg\" id=\"Maquette\" width=\"87.12\" height=\"142.3\" viewbox=\"0 0 87.12 142.3\"><g><g><path d=\"M1.88,69.13v-26.51C1.88,20.51,19.58,2.49,41.55,1.88V0C18.54.61,0,19.47,0,42.62v26.51h1.88Z\" style=\"fill: #a98450;\"><\/path><path d=\"M45.58,1.88c21.97.61,39.66,18.63,39.66,40.74v26.51h1.88v-26.51C87.12,19.47,68.58.61,45.58,0v1.88Z\" style=\"fill: #a98450;\"><\/path><path d=\"M85.24,73.17v26.51c0,22.11-17.7,40.13-39.66,40.74v1.88c23.01-.61,41.55-19.47,41.55-42.62v-26.51h-1.88Z\" style=\"fill: #a98450;\"><\/path><path d=\"M41.55,140.41c-21.97-.61-39.66-18.63-39.66-40.74v-26.51H0v26.51c0,23.15,18.54,42.01,41.55,42.62v-1.88Z\" style=\"fill: #a98450;\"><\/path><\/g><g><path d=\"M5.18,69.13v-26.38C5.18,22.4,21.37,5.8,41.55,5.05v-.81C20.93,4.99,4.37,21.95,4.37,42.75v26.38h.81Z\" style=\"fill: #a98450;\"><\/path><path d=\"M45.58,5.05c20.17.75,36.37,17.35,36.37,37.7v26.38h.81v-26.38c0-20.8-16.55-37.76-37.17-38.51v.81Z\" style=\"fill: #a98450;\"><\/path><path d=\"M41.55,137.25c-20.17-.75-36.36-17.35-36.36-37.7v-26.38h-.81v26.38c0,20.8,16.55,37.76,37.17,38.51v-.81Z\" style=\"fill: #a98450;\"><\/path><path d=\"M81.94,73.17v26.38c0,20.35-16.19,36.95-36.37,37.7v.81c20.62-.75,37.17-17.71,37.17-38.51v-26.38h-.81Z\" style=\"fill: #a98450;\"><\/path><\/g><\/g><g><path d=\"M45.48,109.63v-3.55h9.08v-3.83h-9.08v-32.98h4.79v-3.83h-4.79v-9.39h.16c5.53-.46,8.58-2.91,8.58-6.92v-.85c0-2.63-1.73-5.9-9.97-6.55-2.37-.16-6.77-.46-6.77-3.52v-.25c0-.81.43-3.45,5.92-3.45s6.13,2.88,6.23,4.12l.04.61h3.87v-.75c0-3.44-2.66-7.46-10.15-7.46-6.29,0-9.9,2.5-9.9,6.86v.74c0,3.95,3.42,6.25,10.15,6.83,3.07.2,6.59.75,6.59,3.23v.25c0,2.32-2.4,3.7-6.42,3.7-4.59,0-6.98-2.26-6.98-4.49,0-.05.07-1.04.96-1.96-1.5-.45-2.67-1.07-3.56-1.83-.87,1.04-1.34,2.28-1.34,3.73v.5c0,3.92,3.3,6.75,8.6,7.4l.15.02v9.42h-4.79v3.83h4.79v49.17h3.83v-4.98h13.34v-3.83h-13.34Z\" style=\"fill: #a98450;\"><\/path><path d=\"M43.56,24.14c-10.72,0-19.43,8.72-19.43,19.43,0,9.11,6.2,16.81,14.94,18.87v-4c-6.5-1.97-11.11-7.97-11.11-14.87,0-8.6,7-15.6,15.6-15.6s15.6,7,15.6,15.6c0,6.9-4.61,12.91-11.11,14.87v4c8.62-2.06,14.95-9.91,14.95-18.87,0-10.72-8.72-19.43-19.43-19.43Z\" style=\"fill: #a98450;\"><\/path><\/g><\/svg>\t\t\t<\/div>\n\t\t<\/div>\n\t\t\t\t\t\t<\/div>\n\t\t\t\t<\/div>\n\t\t\t\t<div class=\"elementor-element elementor-element-751733e3 horizontal-line-align-left vertical-line-align-bottom elementor-invisible elementor-widget elementor-widget-tm-ele-section-title\" data-id=\"751733e3\" data-element_type=\"widget\" data-e-type=\"widget\" data-settings=\"{&quot;_animation&quot;:&quot;fadeInUp&quot;}\" data-widget_type=\"tm-ele-section-title.default\">\n\t\t\t\t<div class=\"elementor-widget-container\">\n\t\t\t\t\t<div class=\"tm-sc-section-title section-title line-both-side-current-theme\">\r\n\t<div class=\"title-wrapper\">\r\n\t\t\t\t\r\n\r\n<div class=\"sub-title-outer\">\r\n\t<\/div>\t\t\t<h2 class=\"title tm-split-text split-in-right\">\r\n\r\n\t\t\r\n\t\t\t\t<span class=\"title-part1\">A tailor-made experience, designed for you<\/span>\r\n\t\t\t\t\r\n\t\t\r\n\t<\/h2>\r\n\t<div class=\"title-seperator-line\"><\/div>\t\t\t\t\t\t<div class=\"paragraph\">\r\n\t\t<p class=\"p1\">We don't just list properties, we carefully select them.<br \/>Only those who meet our high standards are selected.<br \/>With S\u00e9jour Priv\u00e9, you are guaranteed a quality choice.<\/p>\t<\/div>\r\n\t\t<\/div>\r\n<\/div>\t\t\t\t<\/div>\n\t\t\t\t<\/div>\n\t\t\t\t<\/div>\n\t\t\t\t<\/div>\n\t\t\t\t\t<\/div>\n\t\t\t\t<\/div>\n\t\t<div class=\"elementor-element elementor-element-1fcc9ecc e-flex e-con-boxed tm-col-stretched-none tm-bg-color-over-image e-con e-parent\" data-id=\"1fcc9ecc\" data-element_type=\"container\" data-e-type=\"container\" data-settings=\"{&quot;background_background&quot;:&quot;classic&quot;}\">\n\t\t\t\t\t<div class=\"e-con-inner\">\n\t\t<div class=\"elementor-element elementor-element-13c47604 e-con-full e-flex tm-col-stretched-none tm-bg-color-over-image e-con e-child\" data-id=\"13c47604\" data-element_type=\"container\" data-e-type=\"container\">\n\t\t<div class=\"elementor-element elementor-element-629a7308 e-con-full e-flex tm-col-stretched-none tm-bg-color-over-image e-con e-child\" data-id=\"629a7308\" data-element_type=\"container\" data-e-type=\"container\">\n\t\t<div class=\"elementor-element elementor-element-66c04394 e-con-full tm-col-stretched-none e-flex tm-bg-color-over-image e-con e-child\" data-id=\"66c04394\" data-element_type=\"container\" data-e-type=\"container\">\n\t\t\t\t<div class=\"elementor-element elementor-element-48bd77a6 horizontal-line-align-left vertical-line-align-bottom elementor-invisible elementor-widget elementor-widget-tm-ele-section-title\" data-id=\"48bd77a6\" data-element_type=\"widget\" data-e-type=\"widget\" data-settings=\"{&quot;_animation&quot;:&quot;fadeInUp&quot;}\" data-widget_type=\"tm-ele-section-title.default\">\n\t\t\t\t<div class=\"elementor-widget-container\">\n\t\t\t\t\t<div class=\"tm-sc-section-title section-title line-both-side-current-theme\">\r\n\t<div class=\"title-wrapper\">\r\n\t\t\t\t\r\n\r\n<div class=\"sub-title-outer\">\r\n\t\t<div class=\"subtitle\">\r\n\r\n\t\t\r\n\t\tTravel guide\t<\/div>\r\n\t<\/div>\t\t\t<h2 class=\"title tm-split-text split-in-right\">\r\n\r\n\t\t\r\n\t\t\t\t<span class=\"title-part1\">Find out more<\/span>\r\n\t\t\t\t\r\n\t\t\r\n\t<\/h2>\r\n\t<div class=\"title-seperator-line\"><\/div>\t\t\t\t\t\t<\/div>\r\n<\/div>\t\t\t\t<\/div>\n\t\t\t\t<\/div>\n\t\t\t\t<\/div>\n\t\t<div class=\"elementor-element elementor-element-64293d7f e-con-full tm-col-stretched-none e-flex tm-bg-color-over-image e-con e-child\" data-id=\"64293d7f\" data-element_type=\"container\" data-e-type=\"container\">\n\t\t\t\t<div class=\"elementor-element elementor-element-3eaed320 elementor-invisible elementor-widget elementor-widget-tm-ele-blog\" data-id=\"3eaed320\" data-element_type=\"widget\" data-e-type=\"widget\" data-settings=\"{&quot;_animation&quot;:&quot;fadeInUp&quot;}\" data-widget_type=\"tm-ele-blog.skin-style-current-theme1\">\n\t\t\t\t<div class=\"elementor-widget-container\">\n\t\t\t\t\t\t<div class=\"tm-sc-blog tm-sc-blog-grid\">\r\n\t\t\r\n\t\r\n\t\t<!-- Isotope Gallery Grid -->\r\n\t\t<div id=\"blog-holder-981863\" class=\"isotope-layout grid-3 gutter-10 clearfix\">\r\n\t\t\t<div class=\"isotope-layout-inner\">\r\n\r\n\t\t\t\t<!-- the loop -->\r\n\t\t\t\t\t\t\t\t\t\t\t\t\t\t\t\t<div class=\"isotope-item carnet-de-voyage\">\r\n\t\t\t\t\t<div class=\"isotope-item-inner\" data-wow-delay=\"\">\r\n\t\t\t\t\t\t<article class=\"post-25837 post type-post status-publish format-standard has-post-thumbnail hentry category-carnet-de-voyage\">\r\n\t<!-- News Block -->\r\n<div class=\"blog-item-current-style1\">\r\n  <div class=\"inner-box\">\r\n    <div class=\"entry-header\">\r\n      <div class=\"thumb\">\r\n        <div class=\"post-thumb lightgallery-lightbox\">\r\n\t\r\n\t<div class=\"post-thumb-inner\">\r\n\t\t<div class=\"thumb\">\r\n\t\t\t<img loading=\"lazy\" decoding=\"async\" src=\"https:\/\/www.sejourprive.com\/wp-content\/uploads\/2026\/02\/Sejour-Prive_Dubai-en-famille_sejourner-dans-lexception_IMG-1-672x448.jpg\" width=\"672\" height=\"448\" alt=\"Duba\u00ef en famille : s\u00e9journer dans l\u2019exception\"\/>\r\n\t\t<\/div>\r\n\t<\/div>\r\n\t<\/div>        <div class=\"post-thumb lightgallery-lightbox\">\r\n\t\r\n\t<div class=\"post-thumb-inner\">\r\n\t\t<div class=\"thumb\">\r\n\t\t\t<img loading=\"lazy\" decoding=\"async\" src=\"https:\/\/www.sejourprive.com\/wp-content\/uploads\/2026\/02\/Sejour-Prive_Dubai-en-famille_sejourner-dans-lexception_IMG-1-672x448.jpg\" width=\"672\" height=\"448\" alt=\"Duba\u00ef en famille : s\u00e9journer dans l\u2019exception\"\/>\r\n\t\t<\/div>\r\n\t<\/div>\r\n\t<\/div>      <\/div>\r\n\r\n              \t\t      <\/div>\r\n    <div class=\"entry-content\">\r\n\r\n              \t<ul class=\"entry-meta list-inline\">\r\n\t\t\t<li class=\"list-inline-item posted-date\"><i class=\"fa fa-calendar-o\"><\/i> <a href=\"https:\/\/www.sejourprive.com\/en\/dubai-en-famille-sejourner-dans-lexception\/\" rel=\"bookmark\"><time class=\"entry-date published updated\" datetime=\"2026-02-05T09:00:10+01:00\">5 February 2026<\/time><\/a><\/li>\r\n\t\t\t\t<li class=\"list-inline-item categories\"><i class=\"fa fa-folder-o\"><\/i> \t\t\t<span class=\"categories-links\"><a href=\"https:\/\/www.sejourprive.com\/en\/category\/carnet-de-voyage\/\" rel=\"category tag\">Travel guide<\/a><\/span>\r\n        <\/li>\r\n\t\t<\/ul>\r\n\t      \r\n              <h4 class=\"entry-title\"><a href=\"https:\/\/www.sejourprive.com\/en\/dubai-en-famille-sejourner-dans-lexception\/\" rel=\"bookmark\">Dubai as a family: an exceptional stay<\/a><\/h4>      \r\n      \r\n          <\/div>\r\n  <\/div>\r\n<\/div><\/article>\t\t\t\t\t<\/div>\r\n\t\t\t\t<\/div>\r\n\t\t\t\t\t\t\t\t\t\t\t\t\t\t\t\t<div class=\"isotope-item carnet-de-voyage\">\r\n\t\t\t\t\t<div class=\"isotope-item-inner\" data-wow-delay=\"\">\r\n\t\t\t\t\t\t<article class=\"post-25819 post type-post status-publish format-standard has-post-thumbnail hentry category-carnet-de-voyage\">\r\n\t<!-- News Block -->\r\n<div class=\"blog-item-current-style1\">\r\n  <div class=\"inner-box\">\r\n    <div class=\"entry-header\">\r\n      <div class=\"thumb\">\r\n        <div class=\"post-thumb lightgallery-lightbox\">\r\n\t\r\n\t<div class=\"post-thumb-inner\">\r\n\t\t<div class=\"thumb\">\r\n\t\t\t<img loading=\"lazy\" decoding=\"async\" src=\"https:\/\/www.sejourprive.com\/wp-content\/uploads\/2026\/02\/Sejour-Prive_Riviera-Suisse_IMG-1-672x448.jpg\" width=\"672\" height=\"448\" alt=\"La Riviera suisse, l\u2019un des secrets les mieux gard\u00e9s d\u2019Europe\"\/>\r\n\t\t<\/div>\r\n\t<\/div>\r\n\t<\/div>        <div class=\"post-thumb lightgallery-lightbox\">\r\n\t\r\n\t<div class=\"post-thumb-inner\">\r\n\t\t<div class=\"thumb\">\r\n\t\t\t<img loading=\"lazy\" decoding=\"async\" src=\"https:\/\/www.sejourprive.com\/wp-content\/uploads\/2026\/02\/Sejour-Prive_Riviera-Suisse_IMG-1-672x448.jpg\" width=\"672\" height=\"448\" alt=\"La Riviera suisse, l\u2019un des secrets les mieux gard\u00e9s d\u2019Europe\"\/>\r\n\t\t<\/div>\r\n\t<\/div>\r\n\t<\/div>      <\/div>\r\n\r\n              \t\t      <\/div>\r\n    <div class=\"entry-content\">\r\n\r\n              \t<ul class=\"entry-meta list-inline\">\r\n\t\t\t<li class=\"list-inline-item posted-date\"><i class=\"fa fa-calendar-o\"><\/i> <a href=\"https:\/\/www.sejourprive.com\/en\/la-riviera-suisse-lun-des-secrets-les-mieux-gardes-deurope\/\" rel=\"bookmark\"><time class=\"entry-date published updated\" datetime=\"2026-02-05T08:56:40+01:00\">5 February 2026<\/time><\/a><\/li>\r\n\t\t\t\t<li class=\"list-inline-item categories\"><i class=\"fa fa-folder-o\"><\/i> \t\t\t<span class=\"categories-links\"><a href=\"https:\/\/www.sejourprive.com\/en\/category\/carnet-de-voyage\/\" rel=\"category tag\">Travel guide<\/a><\/span>\r\n        <\/li>\r\n\t\t<\/ul>\r\n\t      \r\n              <h4 class=\"entry-title\"><a href=\"https:\/\/www.sejourprive.com\/en\/la-riviera-suisse-lun-des-secrets-les-mieux-gardes-deurope\/\" rel=\"bookmark\">The Swiss Riviera, one of Europe's best-kept secrets<\/a><\/h4>      \r\n      \r\n          <\/div>\r\n  <\/div>\r\n<\/div><\/article>\t\t\t\t\t<\/div>\r\n\t\t\t\t<\/div>\r\n\t\t\t\t\t\t\t\t\t\t\t\t\t\t\t\t<div class=\"isotope-item carnet-de-voyage\">\r\n\t\t\t\t\t<div class=\"isotope-item-inner\" data-wow-delay=\"\">\r\n\t\t\t\t\t\t<article class=\"post-25827 post type-post status-publish format-standard has-post-thumbnail hentry category-carnet-de-voyage\">\r\n\t<!-- News Block -->\r\n<div class=\"blog-item-current-style1\">\r\n  <div class=\"inner-box\">\r\n    <div class=\"entry-header\">\r\n      <div class=\"thumb\">\r\n        <div class=\"post-thumb lightgallery-lightbox\">\r\n\t\r\n\t<div class=\"post-thumb-inner\">\r\n\t\t<div class=\"thumb\">\r\n\t\t\t<img loading=\"lazy\" decoding=\"async\" src=\"https:\/\/www.sejourprive.com\/wp-content\/uploads\/2026\/02\/Sejour-Prive_Des-plages-presque-secretes-sur-la-Cote-dAzur_IMG-1-672x448.jpg\" width=\"672\" height=\"448\" alt=\"Des plages (presque) secr\u00e8tes sur la C\u00f4te d\u2019Azur\"\/>\r\n\t\t<\/div>\r\n\t<\/div>\r\n\t<\/div>        <div class=\"post-thumb lightgallery-lightbox\">\r\n\t\r\n\t<div class=\"post-thumb-inner\">\r\n\t\t<div class=\"thumb\">\r\n\t\t\t<img loading=\"lazy\" decoding=\"async\" src=\"https:\/\/www.sejourprive.com\/wp-content\/uploads\/2026\/02\/Sejour-Prive_Des-plages-presque-secretes-sur-la-Cote-dAzur_IMG-1-672x448.jpg\" width=\"672\" height=\"448\" alt=\"Des plages (presque) secr\u00e8tes sur la C\u00f4te d\u2019Azur\"\/>\r\n\t\t<\/div>\r\n\t<\/div>\r\n\t<\/div>      <\/div>\r\n\r\n              \t\t      <\/div>\r\n    <div class=\"entry-content\">\r\n\r\n              \t<ul class=\"entry-meta list-inline\">\r\n\t\t\t<li class=\"list-inline-item posted-date\"><i class=\"fa fa-calendar-o\"><\/i> <a href=\"https:\/\/www.sejourprive.com\/en\/des-plages-presque-secretes-sur-la-cote-dazur\/\" rel=\"bookmark\"><time class=\"entry-date published updated\" datetime=\"2026-02-04T17:07:19+01:00\">4 February 2026<\/time><\/a><\/li>\r\n\t\t\t\t<li class=\"list-inline-item categories\"><i class=\"fa fa-folder-o\"><\/i> \t\t\t<span class=\"categories-links\"><a href=\"https:\/\/www.sejourprive.com\/en\/category\/carnet-de-voyage\/\" rel=\"category tag\">Travel guide<\/a><\/span>\r\n        <\/li>\r\n\t\t<\/ul>\r\n\t      \r\n              <h4 class=\"entry-title\"><a href=\"https:\/\/www.sejourprive.com\/en\/des-plages-presque-secretes-sur-la-cote-dazur\/\" rel=\"bookmark\">(Almost) secret beaches on the C\u00f4te d'Azur<\/a><\/h4>      \r\n      \r\n          <\/div>\r\n  <\/div>\r\n<\/div><\/article>\t\t\t\t\t<\/div>\r\n\t\t\t\t<\/div>\r\n\t\t\t\t\t\t\t\t<!-- end of the loop -->\r\n\t\t\t<\/div>\r\n\t\t<\/div>\r\n\t\t\t<\/div>\r\n\r\n\r\n\t\t\t\t<\/div>\n\t\t\t\t<\/div>\n\t\t\t\t<\/div>\n\t\t\t\t<\/div>\n\t\t\t\t<\/div>\n\t\t\t\t\t<\/div>\n\t\t\t\t<\/div>\n\t\t<div class=\"elementor-element elementor-element-5a4ad748 e-con-full e-flex e-con e-parent\" data-id=\"5a4ad748\" data-element_type=\"container\" data-e-type=\"container\">\n\t\t<div class=\"elementor-element elementor-element-aa0331e e-con-full e-flex tm-col-stretched-none e-con e-child\" data-id=\"aa0331e\" data-element_type=\"container\" data-e-type=\"container\">\n\t\t<div class=\"elementor-element elementor-element-27d3e86c e-con-full e-flex tm-col-stretched-none e-con e-child\" data-id=\"27d3e86c\" data-element_type=\"container\" data-e-type=\"container\">\n\t\t<div class=\"elementor-element elementor-element-6bc15fc5 e-con-full e-flex tm-col-stretched-none e-con e-child\" data-id=\"6bc15fc5\" data-element_type=\"container\" data-e-type=\"container\">\n\t\t\t\t<div class=\"elementor-element elementor-element-5ed774d9 horizontal-line-align-left vertical-line-align-bottom elementor-widget elementor-widget-tm-ele-section-title\" data-id=\"5ed774d9\" data-element_type=\"widget\" data-e-type=\"widget\" data-widget_type=\"tm-ele-section-title.default\">\n\t\t\t\t<div class=\"elementor-widget-container\">\n\t\t\t\t\t<div class=\"tm-sc-section-title section-title line-right-current-theme\">\r\n\t<div class=\"title-wrapper\">\r\n\t\t\t\t\r\n\r\n<div class=\"sub-title-outer\">\r\n\t<\/div>\t\t\t<h2 class=\"title tm-split-text split-in-right\">\r\n\r\n\t\t\r\n\t\t\t\t<span class=\"title-part1\">Looking for a unique holiday?<\/span>\r\n\t\t\t\t\r\n\t\t\r\n\t<\/h2>\r\n\t<div class=\"title-seperator-line\"><\/div>\t\t\t\t\t\t<\/div>\r\n<\/div>\t\t\t\t<\/div>\n\t\t\t\t<\/div>\n\t\t\t\t<div class=\"elementor-element elementor-element-6d7343d5 elementor-widget__width-initial elementor-widget elementor-widget-tm-ele-text-editor\" data-id=\"6d7343d5\" data-element_type=\"widget\" data-e-type=\"widget\" data-widget_type=\"tm-ele-text-editor.default\">\n\t\t\t\t<div class=\"elementor-widget-container\">\n\t\t\t\t\t\t\t<div class=\"tm-text-editor\">\r\n\t\t<p class=\"tw-data-text tw-text-large tw-ta\" data-placeholder=\"Traduction\" id=\"tw-target-text\" data-ved=\"2ahUKEwjA64f4uMqMAxVwTqQEHU8ZORgQ3ewLegQICBAV\" dir=\"ltr\" aria-label=\"Translated text: Enter your request below and your onefinestay destination specialist will contact you to assist you.\"><span class=\"Y2IQFc\" lang=\"fr\">A S\u00e9jour Priv\u00e9 destination specialist will contact you and assist you.<\/span><\/p>\t\t<\/div>\r\n\t\t\t\t\t<\/div>\n\t\t\t\t<\/div>\n\t\t\t\t<div class=\"elementor-element elementor-element-6ed3f422 elementor-widget elementor-widget-tm-ele-button\" data-id=\"6ed3f422\" data-element_type=\"widget\" data-e-type=\"widget\" data-widget_type=\"tm-ele-button.default\">\n\t\t\t\t<div class=\"elementor-widget-container\">\n\t\t\t\t\t<div class=\"tm-sc-button btn-view-details\">\r\n\t<a  href=\"https:\/\/dev251.kodesolution.com\/hoteler\/about\/\"\r\n\t\t\t\t\t\tclass=\"btn btn-theme-colored1 btn-sm\">\r\n\r\n\r\n\t\t\r\n\t\t<span>\r\n\t\tGet in touch\t\t<\/span>\r\n\r\n\t\t\t<\/a>\r\n<\/div>\t\t\t\t<\/div>\n\t\t\t\t<\/div>\n\t\t\t\t<\/div>\n\t\t\t\t<\/div>\n\t\t<div class=\"elementor-element elementor-element-2785ccbf e-con-full tm-col-stretched-none elementor-hidden-mobile e-flex e-con e-child\" data-id=\"2785ccbf\" data-element_type=\"container\" data-e-type=\"container\" data-settings=\"{&quot;background_background&quot;:&quot;classic&quot;}\">\n\t\t\t\t<\/div>\n\t\t\t\t<\/div>\n\t\t\t\t<\/div>\n\t\t<div class=\"elementor-element elementor-element-0553f60 e-flex e-con-boxed tm-col-stretched-none tm-bg-color-over-image e-con e-parent\" data-id=\"0553f60\" data-element_type=\"container\" data-e-type=\"container\">\n\t\t\t\t\t<div class=\"e-con-inner\">\n\t\t\t\t\t<\/div>\n\t\t\t\t<\/div>\n\t\t\t\t<\/div>","protected":false},"excerpt":{"rendered":"<p>Travelling off-season in Greece means discovering a more intimate and authentic country, where the real luxury lies in choosing the right moment.<\/p>","protected":false},"author":2,"featured_media":24135,"comment_status":"closed","ping_status":"closed","sticky":false,"template":"elementor_header_footer","format":"standard","meta":{"_acf_changed":false,"footnotes":""},"categories":[1],"tags":[],"class_list":["post-24133","post","type-post","status-publish","format-standard","has-post-thumbnail","hentry","category-carnet-de-voyage"],"acf":[],"yoast_head":"<!-- This site is optimized with the Yoast SEO plugin v26.6 - https:\/\/yoast.com\/wordpress\/plugins\/seo\/ -->\n<title>S\u00e9jour Priv\u00e9 - La Gr\u00e8ce hors saison, le privil\u00e8ge de ceux qui savent quand partir<\/title>\n<meta name=\"description\" content=\"Voyager hors saison en Gr\u00e8ce, c\u2019est d\u00e9couvrir un pays plus intime et authentique, o\u00f9 le vrai luxe r\u00e9side dans le choix du bon moment.\" \/>\n<meta name=\"robots\" content=\"index, follow, max-snippet:-1, max-image-preview:large, max-video-preview:-1\" \/>\n<link rel=\"canonical\" href=\"https:\/\/www.sejourprive.com\/en\/la-grece-hors-saison-le-privilege-de-ceux-qui-savent-quand-partir\/\" \/>\n<meta property=\"og:locale\" content=\"en_GB\" \/>\n<meta property=\"og:type\" content=\"article\" \/>\n<meta property=\"og:title\" content=\"S\u00e9jour Priv\u00e9 - La Gr\u00e8ce hors saison, le privil\u00e8ge de ceux qui savent quand partir\" \/>\n<meta property=\"og:description\" content=\"Voyager hors saison en Gr\u00e8ce, c\u2019est d\u00e9couvrir un pays plus intime et authentique, o\u00f9 le vrai luxe r\u00e9side dans le choix du bon moment.\" \/>\n<meta property=\"og:url\" content=\"https:\/\/www.sejourprive.com\/en\/la-grece-hors-saison-le-privilege-de-ceux-qui-savent-quand-partir\/\" \/>\n<meta property=\"og:site_name\" content=\"S\u00e9jour Priv\u00e9\" \/>\n<meta property=\"article:published_time\" content=\"2026-01-28T13:30:13+00:00\" \/>\n<meta property=\"article:modified_time\" content=\"2026-03-02T10:19:12+00:00\" \/>\n<meta property=\"og:image\" content=\"https:\/\/www.sejourprive.com\/wp-content\/uploads\/2026\/01\/Sejour-Prive_La-grece-hors-saison_IMG-1.jpg\" \/>\n\t<meta property=\"og:image:width\" content=\"1920\" \/>\n\t<meta property=\"og:image:height\" content=\"1080\" \/>\n\t<meta property=\"og:image:type\" content=\"image\/jpeg\" \/>\n<meta name=\"author\" content=\"bruno@sp\" \/>\n<meta name=\"twitter:card\" content=\"summary_large_image\" \/>\n<meta name=\"twitter:label1\" content=\"Written by\" \/>\n\t<meta name=\"twitter:data1\" content=\"bruno@sp\" \/>\n\t<meta name=\"twitter:label2\" content=\"Estimated reading time\" \/>\n\t<meta name=\"twitter:data2\" content=\"6 minutes\" \/>\n<script type=\"application\/ld+json\" class=\"yoast-schema-graph\">{\"@context\":\"https:\/\/schema.org\",\"@graph\":[{\"@type\":\"Article\",\"@id\":\"https:\/\/www.sejourprive.com\/la-grece-hors-saison-le-privilege-de-ceux-qui-savent-quand-partir\/#article\",\"isPartOf\":{\"@id\":\"https:\/\/www.sejourprive.com\/la-grece-hors-saison-le-privilege-de-ceux-qui-savent-quand-partir\/\"},\"author\":{\"name\":\"bruno@sp\",\"@id\":\"https:\/\/www.sejourprive.com\/#\/schema\/person\/c99953876991ca0127fc0b0f2002d556\"},\"headline\":\"La Gr\u00e8ce hors saison, le privil\u00e8ge de ceux qui savent quand partir\",\"datePublished\":\"2026-01-28T13:30:13+00:00\",\"dateModified\":\"2026-03-02T10:19:12+00:00\",\"mainEntityOfPage\":{\"@id\":\"https:\/\/www.sejourprive.com\/la-grece-hors-saison-le-privilege-de-ceux-qui-savent-quand-partir\/\"},\"wordCount\":904,\"publisher\":{\"@id\":\"https:\/\/www.sejourprive.com\/#organization\"},\"image\":{\"@id\":\"https:\/\/www.sejourprive.com\/la-grece-hors-saison-le-privilege-de-ceux-qui-savent-quand-partir\/#primaryimage\"},\"thumbnailUrl\":\"https:\/\/www.sejourprive.com\/wp-content\/uploads\/2026\/01\/Sejour-Prive_La-grece-hors-saison_IMG-1.jpg\",\"articleSection\":[\"Carnet de voyage\"],\"inLanguage\":\"en-GB\"},{\"@type\":\"WebPage\",\"@id\":\"https:\/\/www.sejourprive.com\/la-grece-hors-saison-le-privilege-de-ceux-qui-savent-quand-partir\/\",\"url\":\"https:\/\/www.sejourprive.com\/la-grece-hors-saison-le-privilege-de-ceux-qui-savent-quand-partir\/\",\"name\":\"S\u00e9jour Priv\u00e9 - La Gr\u00e8ce hors saison, le privil\u00e8ge de ceux qui savent quand partir\",\"isPartOf\":{\"@id\":\"https:\/\/www.sejourprive.com\/#website\"},\"primaryImageOfPage\":{\"@id\":\"https:\/\/www.sejourprive.com\/la-grece-hors-saison-le-privilege-de-ceux-qui-savent-quand-partir\/#primaryimage\"},\"image\":{\"@id\":\"https:\/\/www.sejourprive.com\/la-grece-hors-saison-le-privilege-de-ceux-qui-savent-quand-partir\/#primaryimage\"},\"thumbnailUrl\":\"https:\/\/www.sejourprive.com\/wp-content\/uploads\/2026\/01\/Sejour-Prive_La-grece-hors-saison_IMG-1.jpg\",\"datePublished\":\"2026-01-28T13:30:13+00:00\",\"dateModified\":\"2026-03-02T10:19:12+00:00\",\"description\":\"Voyager hors saison en Gr\u00e8ce, c\u2019est d\u00e9couvrir un pays plus intime et authentique, o\u00f9 le vrai luxe r\u00e9side dans le choix du bon moment.\",\"breadcrumb\":{\"@id\":\"https:\/\/www.sejourprive.com\/la-grece-hors-saison-le-privilege-de-ceux-qui-savent-quand-partir\/#breadcrumb\"},\"inLanguage\":\"en-GB\",\"potentialAction\":[{\"@type\":\"ReadAction\",\"target\":[\"https:\/\/www.sejourprive.com\/la-grece-hors-saison-le-privilege-de-ceux-qui-savent-quand-partir\/\"]}]},{\"@type\":\"ImageObject\",\"inLanguage\":\"en-GB\",\"@id\":\"https:\/\/www.sejourprive.com\/la-grece-hors-saison-le-privilege-de-ceux-qui-savent-quand-partir\/#primaryimage\",\"url\":\"https:\/\/www.sejourprive.com\/wp-content\/uploads\/2026\/01\/Sejour-Prive_La-grece-hors-saison_IMG-1.jpg\",\"contentUrl\":\"https:\/\/www.sejourprive.com\/wp-content\/uploads\/2026\/01\/Sejour-Prive_La-grece-hors-saison_IMG-1.jpg\",\"width\":1920,\"height\":1080},{\"@type\":\"BreadcrumbList\",\"@id\":\"https:\/\/www.sejourprive.com\/la-grece-hors-saison-le-privilege-de-ceux-qui-savent-quand-partir\/#breadcrumb\",\"itemListElement\":[{\"@type\":\"ListItem\",\"position\":1,\"name\":\"Accueil\",\"item\":\"https:\/\/www.sejourprive.com\/\"},{\"@type\":\"ListItem\",\"position\":2,\"name\":\"La Gr\u00e8ce hors saison, le privil\u00e8ge de ceux qui savent quand partir\"}]},{\"@type\":\"WebSite\",\"@id\":\"https:\/\/www.sejourprive.com\/#website\",\"url\":\"https:\/\/www.sejourprive.com\/\",\"name\":\"S\u00e9jour Priv\u00e9\",\"description\":\"Nous imaginons pour vous des s\u00e9jours d\u2019exception.\",\"publisher\":{\"@id\":\"https:\/\/www.sejourprive.com\/#organization\"},\"potentialAction\":[{\"@type\":\"SearchAction\",\"target\":{\"@type\":\"EntryPoint\",\"urlTemplate\":\"https:\/\/www.sejourprive.com\/?s={search_term_string}\"},\"query-input\":{\"@type\":\"PropertyValueSpecification\",\"valueRequired\":true,\"valueName\":\"search_term_string\"}}],\"inLanguage\":\"en-GB\"},{\"@type\":\"Organization\",\"@id\":\"https:\/\/www.sejourprive.com\/#organization\",\"name\":\"S\u00e9jour Priv\u00e9\",\"url\":\"https:\/\/www.sejourprive.com\/\",\"logo\":{\"@type\":\"ImageObject\",\"inLanguage\":\"en-GB\",\"@id\":\"https:\/\/www.sejourprive.com\/#\/schema\/logo\/image\/\",\"url\":\"https:\/\/www.sejourprive.com\/wp-content\/uploads\/2026\/02\/SP-Apple-touch-144-couleur-1-2.png\",\"contentUrl\":\"https:\/\/www.sejourprive.com\/wp-content\/uploads\/2026\/02\/SP-Apple-touch-144-couleur-1-2.png\",\"width\":145,\"height\":145,\"caption\":\"S\u00e9jour Priv\u00e9\"},\"image\":{\"@id\":\"https:\/\/www.sejourprive.com\/#\/schema\/logo\/image\/\"}},{\"@type\":\"Person\",\"@id\":\"https:\/\/www.sejourprive.com\/#\/schema\/person\/c99953876991ca0127fc0b0f2002d556\",\"name\":\"bruno@sp\",\"url\":\"https:\/\/www.sejourprive.com\/en\/author\/brunosp\/\"}]}<\/script>\n<!-- \/ Yoast SEO plugin. -->","yoast_head_json":{"title":"S\u00e9jour Priv\u00e9 - La Gr\u00e8ce hors saison, le privil\u00e8ge de ceux qui savent quand partir","description":"Travelling off-season in Greece means discovering a more intimate and authentic country, where the real luxury lies in choosing the right moment.","robots":{"index":"index","follow":"follow","max-snippet":"max-snippet:-1","max-image-preview":"max-image-preview:large","max-video-preview":"max-video-preview:-1"},"canonical":"https:\/\/www.sejourprive.com\/en\/la-grece-hors-saison-le-privilege-de-ceux-qui-savent-quand-partir\/","og_locale":"en_GB","og_type":"article","og_title":"S\u00e9jour Priv\u00e9 - La Gr\u00e8ce hors saison, le privil\u00e8ge de ceux qui savent quand partir","og_description":"Voyager hors saison en Gr\u00e8ce, c\u2019est d\u00e9couvrir un pays plus intime et authentique, o\u00f9 le vrai luxe r\u00e9side dans le choix du bon moment.","og_url":"https:\/\/www.sejourprive.com\/en\/la-grece-hors-saison-le-privilege-de-ceux-qui-savent-quand-partir\/","og_site_name":"S\u00e9jour Priv\u00e9","article_published_time":"2026-01-28T13:30:13+00:00","article_modified_time":"2026-03-02T10:19:12+00:00","og_image":[{"width":1920,"height":1080,"url":"https:\/\/www.sejourprive.com\/wp-content\/uploads\/2026\/01\/Sejour-Prive_La-grece-hors-saison_IMG-1.jpg","type":"image\/jpeg"}],"author":"bruno@sp","twitter_card":"summary_large_image","twitter_misc":{"Written by":"bruno@sp","Estimated reading time":"6 minutes"},"schema":{"@context":"https:\/\/schema.org","@graph":[{"@type":"Article","@id":"https:\/\/www.sejourprive.com\/la-grece-hors-saison-le-privilege-de-ceux-qui-savent-quand-partir\/#article","isPartOf":{"@id":"https:\/\/www.sejourprive.com\/la-grece-hors-saison-le-privilege-de-ceux-qui-savent-quand-partir\/"},"author":{"name":"bruno@sp","@id":"https:\/\/www.sejourprive.com\/#\/schema\/person\/c99953876991ca0127fc0b0f2002d556"},"headline":"La Gr\u00e8ce hors saison, le privil\u00e8ge de ceux qui savent quand partir","datePublished":"2026-01-28T13:30:13+00:00","dateModified":"2026-03-02T10:19:12+00:00","mainEntityOfPage":{"@id":"https:\/\/www.sejourprive.com\/la-grece-hors-saison-le-privilege-de-ceux-qui-savent-quand-partir\/"},"wordCount":904,"publisher":{"@id":"https:\/\/www.sejourprive.com\/#organization"},"image":{"@id":"https:\/\/www.sejourprive.com\/la-grece-hors-saison-le-privilege-de-ceux-qui-savent-quand-partir\/#primaryimage"},"thumbnailUrl":"https:\/\/www.sejourprive.com\/wp-content\/uploads\/2026\/01\/Sejour-Prive_La-grece-hors-saison_IMG-1.jpg","articleSection":["Carnet de voyage"],"inLanguage":"en-GB"},{"@type":"WebPage","@id":"https:\/\/www.sejourprive.com\/la-grece-hors-saison-le-privilege-de-ceux-qui-savent-quand-partir\/","url":"https:\/\/www.sejourprive.com\/la-grece-hors-saison-le-privilege-de-ceux-qui-savent-quand-partir\/","name":"S\u00e9jour Priv\u00e9 - La Gr\u00e8ce hors saison, le privil\u00e8ge de ceux qui savent quand partir","isPartOf":{"@id":"https:\/\/www.sejourprive.com\/#website"},"primaryImageOfPage":{"@id":"https:\/\/www.sejourprive.com\/la-grece-hors-saison-le-privilege-de-ceux-qui-savent-quand-partir\/#primaryimage"},"image":{"@id":"https:\/\/www.sejourprive.com\/la-grece-hors-saison-le-privilege-de-ceux-qui-savent-quand-partir\/#primaryimage"},"thumbnailUrl":"https:\/\/www.sejourprive.com\/wp-content\/uploads\/2026\/01\/Sejour-Prive_La-grece-hors-saison_IMG-1.jpg","datePublished":"2026-01-28T13:30:13+00:00","dateModified":"2026-03-02T10:19:12+00:00","description":"Travelling off-season in Greece means discovering a more intimate and authentic country, where the real luxury lies in choosing the right moment.","breadcrumb":{"@id":"https:\/\/www.sejourprive.com\/la-grece-hors-saison-le-privilege-de-ceux-qui-savent-quand-partir\/#breadcrumb"},"inLanguage":"en-GB","potentialAction":[{"@type":"ReadAction","target":["https:\/\/www.sejourprive.com\/la-grece-hors-saison-le-privilege-de-ceux-qui-savent-quand-partir\/"]}]},{"@type":"ImageObject","inLanguage":"en-GB","@id":"https:\/\/www.sejourprive.com\/la-grece-hors-saison-le-privilege-de-ceux-qui-savent-quand-partir\/#primaryimage","url":"https:\/\/www.sejourprive.com\/wp-content\/uploads\/2026\/01\/Sejour-Prive_La-grece-hors-saison_IMG-1.jpg","contentUrl":"https:\/\/www.sejourprive.com\/wp-content\/uploads\/2026\/01\/Sejour-Prive_La-grece-hors-saison_IMG-1.jpg","width":1920,"height":1080},{"@type":"BreadcrumbList","@id":"https:\/\/www.sejourprive.com\/la-grece-hors-saison-le-privilege-de-ceux-qui-savent-quand-partir\/#breadcrumb","itemListElement":[{"@type":"ListItem","position":1,"name":"Accueil","item":"https:\/\/www.sejourprive.com\/"},{"@type":"ListItem","position":2,"name":"La Gr\u00e8ce hors saison, le privil\u00e8ge de ceux qui savent quand partir"}]},{"@type":"WebSite","@id":"https:\/\/www.sejourprive.com\/#website","url":"https:\/\/www.sejourprive.com\/","name":"Private Stay","description":"We design exceptional holidays for you.","publisher":{"@id":"https:\/\/www.sejourprive.com\/#organization"},"potentialAction":[{"@type":"SearchAction","target":{"@type":"EntryPoint","urlTemplate":"https:\/\/www.sejourprive.com\/?s={search_term_string}"},"query-input":{"@type":"PropertyValueSpecification","valueRequired":true,"valueName":"search_term_string"}}],"inLanguage":"en-GB"},{"@type":"Organization","@id":"https:\/\/www.sejourprive.com\/#organization","name":"Private Stay","url":"https:\/\/www.sejourprive.com\/","logo":{"@type":"ImageObject","inLanguage":"en-GB","@id":"https:\/\/www.sejourprive.com\/#\/schema\/logo\/image\/","url":"https:\/\/www.sejourprive.com\/wp-content\/uploads\/2026\/02\/SP-Apple-touch-144-couleur-1-2.png","contentUrl":"https:\/\/www.sejourprive.com\/wp-content\/uploads\/2026\/02\/SP-Apple-touch-144-couleur-1-2.png","width":145,"height":145,"caption":"S\u00e9jour Priv\u00e9"},"image":{"@id":"https:\/\/www.sejourprive.com\/#\/schema\/logo\/image\/"}},{"@type":"Person","@id":"https:\/\/www.sejourprive.com\/#\/schema\/person\/c99953876991ca0127fc0b0f2002d556","name":"bruno@sp","url":"https:\/\/www.sejourprive.com\/en\/author\/brunosp\/"}]}},"_links":{"self":[{"href":"https:\/\/www.sejourprive.com\/en\/wp-json\/wp\/v2\/posts\/24133","targetHints":{"allow":["GET"]}}],"collection":[{"href":"https:\/\/www.sejourprive.com\/en\/wp-json\/wp\/v2\/posts"}],"about":[{"href":"https:\/\/www.sejourprive.com\/en\/wp-json\/wp\/v2\/types\/post"}],"author":[{"embeddable":true,"href":"https:\/\/www.sejourprive.com\/en\/wp-json\/wp\/v2\/users\/2"}],"replies":[{"embeddable":true,"href":"https:\/\/www.sejourprive.com\/en\/wp-json\/wp\/v2\/comments?post=24133"}],"version-history":[{"count":0,"href":"https:\/\/www.sejourprive.com\/en\/wp-json\/wp\/v2\/posts\/24133\/revisions"}],"wp:featuredmedia":[{"embeddable":true,"href":"https:\/\/www.sejourprive.com\/en\/wp-json\/wp\/v2\/media\/24135"}],"wp:attachment":[{"href":"https:\/\/www.sejourprive.com\/en\/wp-json\/wp\/v2\/media?parent=24133"}],"wp:term":[{"taxonomy":"category","embeddable":true,"href":"https:\/\/www.sejourprive.com\/en\/wp-json\/wp\/v2\/categories?post=24133"},{"taxonomy":"post_tag","embeddable":true,"href":"https:\/\/www.sejourprive.com\/en\/wp-json\/wp\/v2\/tags?post=24133"}],"curies":[{"name":"wp","href":"https:\/\/api.w.org\/{rel}","templated":true}]}}