{"id":20529,"date":"2025-06-26T15:01:45","date_gmt":"2025-06-26T13:01:45","guid":{"rendered":"https:\/\/www.sejourprive.com\/?p=20529"},"modified":"2026-03-02T11:19:12","modified_gmt":"2026-03-02T10:19:12","slug":"lautomne-a-paris-une-saison-a-part","status":"publish","type":"post","link":"https:\/\/www.sejourprive.com\/en\/lautomne-a-paris-une-saison-a-part\/","title":{"rendered":"Autumn in Paris, a season apart"},"content":{"rendered":"<div data-elementor-type=\"wp-post\" data-elementor-id=\"20529\" class=\"elementor elementor-20529\" data-elementor-post-type=\"post\">\n\t\t\t\t<div class=\"elementor-element elementor-element-7c9353ce e-flex e-con-boxed tm-col-stretched-none tm-bg-color-over-image e-con e-parent\" data-id=\"7c9353ce\" data-element_type=\"container\" data-e-type=\"container\" data-settings=\"{&quot;background_background&quot;:&quot;classic&quot;}\">\n\t\t\t\t\t<div class=\"e-con-inner\">\n\t\t<div class=\"elementor-element elementor-element-785ed812 e-con-full e-flex tm-col-stretched-none tm-bg-color-over-image e-con e-child\" data-id=\"785ed812\" data-element_type=\"container\" data-e-type=\"container\">\n\t\t\t\t<div class=\"elementor-element elementor-element-428d8345 horizontal-line-align-left vertical-line-align-bottom elementor-widget elementor-widget-tm-ele-section-title\" data-id=\"428d8345\" data-element_type=\"widget\" data-e-type=\"widget\" data-widget_type=\"tm-ele-section-title.default\">\n\t\t\t\t<div class=\"elementor-widget-container\">\n\t\t\t\t\t<div class=\"tm-sc-section-title section-title\">\r\n\t<div class=\"title-wrapper\">\r\n\t\t\t\t\t\t\t<h1 class=\"title tm-split-text split-in-right\">\r\n\r\n\t\t\r\n\t\t\t\t<span class=\"title-part1\">Autumn in Paris, a season apart<\/span>\r\n\t\t\t\t\r\n\t\t\r\n\t<\/h1>\r\n\t<div class=\"title-seperator-line\"><\/div>\t\t\t\t\t\t<\/div>\r\n<\/div>\t\t\t\t<\/div>\n\t\t\t\t<\/div>\n\t\t\t\t<div class=\"elementor-element elementor-element-2b9820dd elementor-align-center elementor-widget elementor-widget-post-info\" data-id=\"2b9820dd\" data-element_type=\"widget\" data-e-type=\"widget\" data-widget_type=\"post-info.default\">\n\t\t\t\t<div class=\"elementor-widget-container\">\n\t\t\t\t\t\t\t<ul class=\"elementor-icon-list-items elementor-post-info\">\n\t\t\t\t\t\t\t\t<li class=\"elementor-icon-list-item elementor-repeater-item-0e93a3f\" itemprop=\"datePublished\">\n\t\t\t\t\t\t\t\t\t\t\t\t\t<span class=\"elementor-icon-list-text elementor-post-info__item elementor-post-info__item--type-date\">\n\t\t\t\t\t\t\t\t\t\t<time>26\/06\/2025<\/time>\t\t\t\t\t<\/span>\n\t\t\t\t\t\t\t\t<\/li>\n\t\t\t\t<\/ul>\n\t\t\t\t\t\t<\/div>\n\t\t\t\t<\/div>\n\t\t\t\t<div class=\"elementor-element elementor-element-1c77a573 elementor-widget elementor-widget-image\" data-id=\"1c77a573\" data-element_type=\"widget\" data-e-type=\"widget\" data-widget_type=\"image.default\">\n\t\t\t\t<div class=\"elementor-widget-container\">\n\t\t\t\t\t\t\t\t\t\t\t\t\t\t\t<img fetchpriority=\"high\" decoding=\"async\" width=\"1920\" height=\"1080\" src=\"https:\/\/www.sejourprive.com\/wp-content\/uploads\/2026\/01\/Sejour-Prive_Paris-automne_IMG-1.jpg\" class=\"attachment-full size-full wp-image-20595\" alt=\"\" srcset=\"https:\/\/www.sejourprive.com\/wp-content\/uploads\/2026\/01\/Sejour-Prive_Paris-automne_IMG-1.jpg 1920w, https:\/\/www.sejourprive.com\/wp-content\/uploads\/2026\/01\/Sejour-Prive_Paris-automne_IMG-1-300x169.jpg 300w, https:\/\/www.sejourprive.com\/wp-content\/uploads\/2026\/01\/Sejour-Prive_Paris-automne_IMG-1-1024x576.jpg 1024w, https:\/\/www.sejourprive.com\/wp-content\/uploads\/2026\/01\/Sejour-Prive_Paris-automne_IMG-1-768x432.jpg 768w, https:\/\/www.sejourprive.com\/wp-content\/uploads\/2026\/01\/Sejour-Prive_Paris-automne_IMG-1-1536x864.jpg 1536w, https:\/\/www.sejourprive.com\/wp-content\/uploads\/2026\/01\/Sejour-Prive_Paris-automne_IMG-1-18x10.jpg 18w, https:\/\/www.sejourprive.com\/wp-content\/uploads\/2026\/01\/Sejour-Prive_Paris-automne_IMG-1-600x338.jpg 600w\" sizes=\"255px\" data-kodelisting-lazy-load-sizes=\"(max-width: 1920px) 100vw, 1920px\" data-kodelisting-loading-image=\"on\" \/>\t\t\t\t\t\t\t\t\t\t\t\t\t\t\t<\/div>\n\t\t\t\t<\/div>\n\t\t\t\t<div class=\"elementor-element elementor-element-209eaa68 elementor-widget__width-initial elementor-widget elementor-widget-tm-ele-text-editor\" data-id=\"209eaa68\" data-element_type=\"widget\" data-e-type=\"widget\" data-widget_type=\"tm-ele-text-editor.default\">\n\t\t\t\t<div class=\"elementor-widget-container\">\n\t\t\t\t\t\t\t<div class=\"tm-text-editor\">\r\n\t\t<h3 class=\"p2\"><span class=\"s1\"> <\/span>What if autumn was the perfect time to discover Paris in a different way?<\/h3><p class=\"p2\">When the light becomes softer and the city slows its pace slightly, the capital reveals a singular atmosphere, conducive to discovery, culture and chosen pleasures. Parks with changing colours, major artistic events, gourmet experiences and major events punctuate the season. It's the perfect way to make the most of Paris.<\/p><h3 class=\"p2\">Fresh air in Paris in autumn<\/h3><p class=\"p2\">In Paris, the Indian summer often lasts until October. Temperatures remain pleasant and the city regains a calmer pace after the hustle and bustle of summer. It's the perfect time to take advantage of the green spaces before autumn sets in with its warm hues.<\/p><p class=\"p2\">The Jardin des Tuileries, the Parc de la Villette, the Mus\u00e9e de Sculptures en Plein Air and the Jardin des Plantes are all great places to take a stroll, punctuated by the gradual change in nature. The tree-lined paths, the open vistas and the new-found calm invite you to take a stroll.<\/p><p class=\"p2\">Every year around 23 September, the F\u00eate des Jardins et de l'Agriculture Urbaine celebrates the arrival of autumn in Paris's parks and gardens. Workshops, concerts and guided tours give you the chance to discover urban nature from a different angle.<\/p><h3 class=\"p2\">Festivals, trade fairs and major events<\/h3><p class=\"p2\"><strong>Autumn festivals<\/strong><\/p><p class=\"p2\">Since 1972, the Festival d'Automne \u00e0 Paris has played a major role in the cultural life of the capital. Hosted in iconic venues such as the Mus\u00e9e d'Orsay, the CENTQUATRE and the Grande Halle de la Villette, it offers a demanding contemporary programme of exhibitions, dance, theatre, music, performances and screenings. Each edition invites new artistic discoveries.<\/p><p class=\"p2\">At the end of October, the Nuit des Ch\u00e2teaux (Night of the Castles) gives visitors the chance to visit outstanding heritage sites such as the Ch\u00e2teau de Vaux-le-Vicomte after dark. In mid-October, the Journ\u00e9es Nationales de l'Architecture (National Architecture Days) open the doors of places that are usually closed to the public, and encourage discussions with architects.<\/p><p class=\"p2\"><strong>Autumn trade fairs<\/strong><\/p><p class=\"p2\">Porte de Versailles hosts a succession of major trade fairs in late October and early November. Paris Game Week brings together video game enthusiasts for previews, events and meetings.<\/p><p class=\"p2\">The Paris Manga &amp; Sci-Fi Show, held at Paris Nord Villepinte, attracts fans of pop culture, manga and fantasy worlds. Costumes are not compulsory, but they add to the atmosphere.<\/p><p class=\"p2\">The Salon du Chocolat is one of the gourmet highlights of the season. Tastings, meetings with producers and chocolate-makers, and an emblematic fashion show are sure to delight visitors. In November, the MIF Expo Paris showcases French expertise through committed brands and designers.<\/p><p class=\"p2\">On the contemporary art front, Paris+ by Art Basel (formerly FIAC) moves to the Grand Palais every autumn. Around a hundred international galleries present their artists, making the event an essential part of the artistic calendar.<\/p>\t\t<\/div>\r\n\t\t\t\t\t<\/div>\n\t\t\t\t<\/div>\n\t\t\t\t<div class=\"elementor-element elementor-element-2ec2d585 elementor-widget elementor-widget-spacer\" data-id=\"2ec2d585\" data-element_type=\"widget\" data-e-type=\"widget\" data-widget_type=\"spacer.default\">\n\t\t\t\t<div class=\"elementor-widget-container\">\n\t\t\t\t\t\t\t<div class=\"elementor-spacer\">\n\t\t\t<div class=\"elementor-spacer-inner\"><\/div>\n\t\t<\/div>\n\t\t\t\t\t\t<\/div>\n\t\t\t\t<\/div>\n\t\t<div class=\"elementor-element elementor-element-1db6b44f e-flex e-con-boxed tm-col-stretched-none tm-bg-color-over-image e-con e-child\" data-id=\"1db6b44f\" data-element_type=\"container\" data-e-type=\"container\">\n\t\t\t\t\t<div class=\"e-con-inner\">\n\t\t<div class=\"elementor-element elementor-element-659fc823 e-con-full e-flex tm-col-stretched-none tm-bg-color-over-image e-con e-child\" data-id=\"659fc823\" data-element_type=\"container\" data-e-type=\"container\">\n\t\t\t\t<div class=\"elementor-element elementor-element-6159e7a4 elementor-widget elementor-widget-image\" data-id=\"6159e7a4\" data-element_type=\"widget\" data-e-type=\"widget\" data-widget_type=\"image.default\">\n\t\t\t\t<div class=\"elementor-widget-container\">\n\t\t\t\t\t\t\t\t\t\t\t\t\t\t\t<img decoding=\"async\" width=\"809\" height=\"1080\" src=\"https:\/\/www.sejourprive.com\/wp-content\/uploads\/2026\/01\/Sejour-Prive_Paris-automne_IMG-2.jpg\" class=\"attachment-full size-full wp-image-20596\" alt=\"\" srcset=\"https:\/\/www.sejourprive.com\/wp-content\/uploads\/2026\/01\/Sejour-Prive_Paris-automne_IMG-2.jpg 809w, https:\/\/www.sejourprive.com\/wp-content\/uploads\/2026\/01\/Sejour-Prive_Paris-automne_IMG-2-225x300.jpg 225w, https:\/\/www.sejourprive.com\/wp-content\/uploads\/2026\/01\/Sejour-Prive_Paris-automne_IMG-2-767x1024.jpg 767w, https:\/\/www.sejourprive.com\/wp-content\/uploads\/2026\/01\/Sejour-Prive_Paris-automne_IMG-2-768x1025.jpg 768w, https:\/\/www.sejourprive.com\/wp-content\/uploads\/2026\/01\/Sejour-Prive_Paris-automne_IMG-2-9x12.jpg 9w, https:\/\/www.sejourprive.com\/wp-content\/uploads\/2026\/01\/Sejour-Prive_Paris-automne_IMG-2-600x801.jpg 600w\" sizes=\"255px\" data-kodelisting-lazy-load-sizes=\"(max-width: 809px) 100vw, 809px\" data-kodelisting-loading-image=\"on\" \/>\t\t\t\t\t\t\t\t\t\t\t\t\t\t\t<\/div>\n\t\t\t\t<\/div>\n\t\t\t\t<\/div>\n\t\t<div class=\"elementor-element elementor-element-2b226d45 tm-col-stretched-none e-con-full e-flex tm-bg-color-over-image e-con e-child\" data-id=\"2b226d45\" data-element_type=\"container\" data-e-type=\"container\">\n\t\t\t\t<div class=\"elementor-element elementor-element-578ec3f7 elementor-widget elementor-widget-image\" data-id=\"578ec3f7\" data-element_type=\"widget\" data-e-type=\"widget\" data-widget_type=\"image.default\">\n\t\t\t\t<div class=\"elementor-widget-container\">\n\t\t\t\t\t\t\t\t\t\t\t\t\t\t\t<img decoding=\"async\" width=\"1024\" height=\"683\" src=\"https:\/\/www.sejourprive.com\/wp-content\/uploads\/2026\/01\/Sejour-Prive_Paris-automne_IMG-3-1024x683.jpg\" class=\"attachment-large size-large wp-image-20598\" alt=\"\" srcset=\"https:\/\/www.sejourprive.com\/wp-content\/uploads\/2026\/01\/Sejour-Prive_Paris-automne_IMG-3-1024x683.jpg 1024w, https:\/\/www.sejourprive.com\/wp-content\/uploads\/2026\/01\/Sejour-Prive_Paris-automne_IMG-3-300x200.jpg 300w, https:\/\/www.sejourprive.com\/wp-content\/uploads\/2026\/01\/Sejour-Prive_Paris-automne_IMG-3-768x512.jpg 768w, https:\/\/www.sejourprive.com\/wp-content\/uploads\/2026\/01\/Sejour-Prive_Paris-automne_IMG-3-1536x1024.jpg 1536w, https:\/\/www.sejourprive.com\/wp-content\/uploads\/2026\/01\/Sejour-Prive_Paris-automne_IMG-3-18x12.jpg 18w, https:\/\/www.sejourprive.com\/wp-content\/uploads\/2026\/01\/Sejour-Prive_Paris-automne_IMG-3-672x448.jpg 672w, https:\/\/www.sejourprive.com\/wp-content\/uploads\/2026\/01\/Sejour-Prive_Paris-automne_IMG-3-600x400.jpg 600w, https:\/\/www.sejourprive.com\/wp-content\/uploads\/2026\/01\/Sejour-Prive_Paris-automne_IMG-3.jpg 1920w\" sizes=\"255px\" data-kodelisting-lazy-load-sizes=\"(max-width: 1024px) 100vw, 1024px\" data-kodelisting-loading-image=\"on\" \/>\t\t\t\t\t\t\t\t\t\t\t\t\t\t\t<\/div>\n\t\t\t\t<\/div>\n\t\t\t\t<\/div>\n\t\t\t\t\t<\/div>\n\t\t\t\t<\/div>\n\t\t\t\t<div class=\"elementor-element elementor-element-66e77c44 elementor-widget elementor-widget-spacer\" data-id=\"66e77c44\" data-element_type=\"widget\" data-e-type=\"widget\" data-widget_type=\"spacer.default\">\n\t\t\t\t<div class=\"elementor-widget-container\">\n\t\t\t\t\t\t\t<div class=\"elementor-spacer\">\n\t\t\t<div class=\"elementor-spacer-inner\"><\/div>\n\t\t<\/div>\n\t\t\t\t\t\t<\/div>\n\t\t\t\t<\/div>\n\t\t\t\t<div class=\"elementor-element elementor-element-e25b87d elementor-widget__width-initial elementor-widget elementor-widget-tm-ele-text-editor\" data-id=\"e25b87d\" data-element_type=\"widget\" data-e-type=\"widget\" data-widget_type=\"tm-ele-text-editor.default\">\n\t\t\t\t<div class=\"elementor-widget-container\">\n\t\t\t\t\t\t\t<div class=\"tm-text-editor\">\r\n\t\t<p class=\"p1\"><strong>Seasonal festivals and traditions<\/strong><\/p><p class=\"p1\">Few visitors know it, but Paris also produces wine, particularly in Montmartre and Bercy. Every year in early October, the F\u00eate des Vendanges de Montmartre brings the famous hilltop to life in a friendly atmosphere, with tastings, concerts, events and workshops.<\/p><p class=\"p1\">Wine lovers also gather around Beaujolais Nouveau, launched on the third Thursday in November. Wine bars, restaurants and brasseries offer tastings and food pairings, extending the evening well into the late hours on Parisian terraces.<\/p><p class=\"p1\">For a more festive atmosphere, the F\u00eate \u00e0 Neuneu - in the Bois de Boulogne - runs from early September to mid-October. Finally, the F\u00eate de la Science, held over two weeks in October, invites young and old alike to discover scientific culture through experiments, workshops and open days at Paris museums, institutes and universities.<\/p><p class=\"p1\"><strong>Halloween &amp; D\u00eda de los Muertos<\/strong><\/p><p class=\"p1\">In recent years, Halloween has become an integral part of the Parisian calendar. Shop windows are decked out with seasonal decorations, bars and clubs are offering themed evenings and some activities are reinvented for the occasion. Virtual Room, for example, offers immersive virtual reality experiences, ideal for thrill-seekers.<\/p><p class=\"p1\">\u00cele-de-France theme parks such as Disneyland\u00ae Paris and Parc Ast\u00e9rix put on spectacular programmes every year, with sets, parades and special entertainment.<\/p><p class=\"p1\">At the Jardin d'Acclimatation, the D\u00eda de los Muertos festival celebrates Mexican tradition through music, colour and entertainment, offering an original cultural experience in a verdant setting.<\/p><p class=\"p1\"><strong>Culture, museums and major exhibitions<\/strong><\/p><p class=\"p1\">Autumn is a great time to explore Paris museums. On the first Sunday of the month, several museums - Arts et M\u00e9tiers, Gustave Moreau, Eug\u00e8ne Delacroix, Mus\u00e9e d'Orsay, Mus\u00e9e du Quai Branly, Mus\u00e9e Picasso and Mus\u00e9e de l'Orangerie - are open free of charge.<\/p><p class=\"p1\">From 1 November to the end of March, other monuments are joining the initiative, including the Panth\u00e9on, the Arc de Triomphe, the Sainte-Chapelle, the Conciergerie and the Rodin museum. It's an ideal opportunity to (re)discover our heritage, while taking into account the fact that visitor numbers are often higher on these days.<\/p><p class=\"p1\">The cultural season also sees the launch of a number of major temporary exhibitions, while the Paris Opera unveils its new season in September. Classical repertoire and contemporary creations make up the eagerly awaited programme.<\/p><p class=\"p1\"><strong>Autumn sports events<\/strong><\/p><p class=\"p1\">Autumn in Paris is also punctuated by several major sporting events. The Rolex Paris Masters, held at the Accor Arena in Bercy between late October and early November, is one of the biggest indoor tennis tournaments on the circuit.<\/p><p class=\"p1\">The Prix de l'Arc de Triomphe, held on the first weekend in October at the Longchamp racecourse, is a not-to-be-missed event for horse racing fans.<\/p><p class=\"p1\">Finally, the more active can take part in the 20 km of Paris in October, an emblematic race that takes in the capital in a friendly, sporting atmosphere.<\/p><p class=\"p1\"><strong>Paris in autumn, an experience to be savoured to the full<\/strong><\/p><p class=\"p1\">Between nature, culture, gastronomy, events and major meetings, autumn offers a particularly inspiring view of Paris. It's an ideal season to stay in the capital, take the time to discover and enjoy a setting conducive to memorable experiences.<\/p>\t\t<\/div>\r\n\t\t\t\t\t<\/div>\n\t\t\t\t<\/div>\n\t\t\t\t<\/div>\n\t\t\t\t\t<\/div>\n\t\t\t\t<\/div>\n\t\t<div class=\"elementor-element elementor-element-7cbbd3ff e-flex e-con-boxed tm-col-stretched-none tm-bg-color-over-image e-con e-parent\" data-id=\"7cbbd3ff\" data-element_type=\"container\" data-e-type=\"container\" data-settings=\"{&quot;background_background&quot;:&quot;classic&quot;}\">\n\t\t\t\t\t<div class=\"e-con-inner\">\n\t\t<div class=\"elementor-element elementor-element-2be901f7 e-con-full e-flex tm-col-stretched-none tm-bg-color-over-image e-con e-child\" data-id=\"2be901f7\" data-element_type=\"container\" data-e-type=\"container\">\n\t\t<div class=\"elementor-element elementor-element-7406ce80 e-con-full tm-col-stretched-none e-flex tm-bg-color-over-image e-con e-child\" data-id=\"7406ce80\" data-element_type=\"container\" data-e-type=\"container\">\n\t\t\t\t<div class=\"elementor-element elementor-element-28ce8904 elementor-view-default elementor-widget elementor-widget-icon\" data-id=\"28ce8904\" data-element_type=\"widget\" data-e-type=\"widget\" data-widget_type=\"icon.default\">\n\t\t\t\t<div class=\"elementor-widget-container\">\n\t\t\t\t\t\t\t<div class=\"elementor-icon-wrapper\">\n\t\t\t<div class=\"elementor-icon\">\n\t\t\t<svg xmlns=\"http:\/\/www.w3.org\/2000\/svg\" id=\"Maquette\" width=\"87.12\" height=\"142.3\" viewbox=\"0 0 87.12 142.3\"><g><g><path d=\"M1.88,69.13v-26.51C1.88,20.51,19.58,2.49,41.55,1.88V0C18.54.61,0,19.47,0,42.62v26.51h1.88Z\" style=\"fill: #a98450;\"><\/path><path d=\"M45.58,1.88c21.97.61,39.66,18.63,39.66,40.74v26.51h1.88v-26.51C87.12,19.47,68.58.61,45.58,0v1.88Z\" style=\"fill: #a98450;\"><\/path><path d=\"M85.24,73.17v26.51c0,22.11-17.7,40.13-39.66,40.74v1.88c23.01-.61,41.55-19.47,41.55-42.62v-26.51h-1.88Z\" style=\"fill: #a98450;\"><\/path><path d=\"M41.55,140.41c-21.97-.61-39.66-18.63-39.66-40.74v-26.51H0v26.51c0,23.15,18.54,42.01,41.55,42.62v-1.88Z\" style=\"fill: #a98450;\"><\/path><\/g><g><path d=\"M5.18,69.13v-26.38C5.18,22.4,21.37,5.8,41.55,5.05v-.81C20.93,4.99,4.37,21.95,4.37,42.75v26.38h.81Z\" style=\"fill: #a98450;\"><\/path><path d=\"M45.58,5.05c20.17.75,36.37,17.35,36.37,37.7v26.38h.81v-26.38c0-20.8-16.55-37.76-37.17-38.51v.81Z\" style=\"fill: #a98450;\"><\/path><path d=\"M41.55,137.25c-20.17-.75-36.36-17.35-36.36-37.7v-26.38h-.81v26.38c0,20.8,16.55,37.76,37.17,38.51v-.81Z\" style=\"fill: #a98450;\"><\/path><path d=\"M81.94,73.17v26.38c0,20.35-16.19,36.95-36.37,37.7v.81c20.62-.75,37.17-17.71,37.17-38.51v-26.38h-.81Z\" style=\"fill: #a98450;\"><\/path><\/g><\/g><g><path d=\"M45.48,109.63v-3.55h9.08v-3.83h-9.08v-32.98h4.79v-3.83h-4.79v-9.39h.16c5.53-.46,8.58-2.91,8.58-6.92v-.85c0-2.63-1.73-5.9-9.97-6.55-2.37-.16-6.77-.46-6.77-3.52v-.25c0-.81.43-3.45,5.92-3.45s6.13,2.88,6.23,4.12l.04.61h3.87v-.75c0-3.44-2.66-7.46-10.15-7.46-6.29,0-9.9,2.5-9.9,6.86v.74c0,3.95,3.42,6.25,10.15,6.83,3.07.2,6.59.75,6.59,3.23v.25c0,2.32-2.4,3.7-6.42,3.7-4.59,0-6.98-2.26-6.98-4.49,0-.05.07-1.04.96-1.96-1.5-.45-2.67-1.07-3.56-1.83-.87,1.04-1.34,2.28-1.34,3.73v.5c0,3.92,3.3,6.75,8.6,7.4l.15.02v9.42h-4.79v3.83h4.79v49.17h3.83v-4.98h13.34v-3.83h-13.34Z\" style=\"fill: #a98450;\"><\/path><path d=\"M43.56,24.14c-10.72,0-19.43,8.72-19.43,19.43,0,9.11,6.2,16.81,14.94,18.87v-4c-6.5-1.97-11.11-7.97-11.11-14.87,0-8.6,7-15.6,15.6-15.6s15.6,7,15.6,15.6c0,6.9-4.61,12.91-11.11,14.87v4c8.62-2.06,14.95-9.91,14.95-18.87,0-10.72-8.72-19.43-19.43-19.43Z\" style=\"fill: #a98450;\"><\/path><\/g><\/svg>\t\t\t<\/div>\n\t\t<\/div>\n\t\t\t\t\t\t<\/div>\n\t\t\t\t<\/div>\n\t\t\t\t<div class=\"elementor-element elementor-element-749a7728 horizontal-line-align-left vertical-line-align-bottom elementor-invisible elementor-widget elementor-widget-tm-ele-section-title\" data-id=\"749a7728\" data-element_type=\"widget\" data-e-type=\"widget\" data-settings=\"{&quot;_animation&quot;:&quot;fadeInUp&quot;}\" data-widget_type=\"tm-ele-section-title.default\">\n\t\t\t\t<div class=\"elementor-widget-container\">\n\t\t\t\t\t<div class=\"tm-sc-section-title section-title line-both-side-current-theme\">\r\n\t<div class=\"title-wrapper\">\r\n\t\t\t\t\r\n\r\n<div class=\"sub-title-outer\">\r\n\t<\/div>\t\t\t<h2 class=\"title tm-split-text split-in-right\">\r\n\r\n\t\t\r\n\t\t\t\t<span class=\"title-part1\">A tailor-made experience, designed for you<\/span>\r\n\t\t\t\t\r\n\t\t\r\n\t<\/h2>\r\n\t<div class=\"title-seperator-line\"><\/div>\t\t\t\t\t\t<div class=\"paragraph\">\r\n\t\t<p class=\"p1\">We don't just list properties, we carefully select them.<br \/>Only those who meet our high standards are selected.<br \/>With S\u00e9jour Priv\u00e9, you are guaranteed a quality choice.<\/p>\t<\/div>\r\n\t\t<\/div>\r\n<\/div>\t\t\t\t<\/div>\n\t\t\t\t<\/div>\n\t\t\t\t<\/div>\n\t\t\t\t<\/div>\n\t\t\t\t\t<\/div>\n\t\t\t\t<\/div>\n\t\t<div class=\"elementor-element elementor-element-4e351bff e-flex e-con-boxed tm-col-stretched-none tm-bg-color-over-image e-con e-parent\" data-id=\"4e351bff\" data-element_type=\"container\" data-e-type=\"container\" data-settings=\"{&quot;background_background&quot;:&quot;classic&quot;}\">\n\t\t\t\t\t<div class=\"e-con-inner\">\n\t\t<div class=\"elementor-element elementor-element-efdcf e-con-full e-flex tm-col-stretched-none tm-bg-color-over-image e-con e-child\" data-id=\"efdcf\" data-element_type=\"container\" data-e-type=\"container\">\n\t\t<div class=\"elementor-element elementor-element-58d82b0c e-con-full e-flex tm-col-stretched-none tm-bg-color-over-image e-con e-child\" data-id=\"58d82b0c\" data-element_type=\"container\" data-e-type=\"container\">\n\t\t<div class=\"elementor-element elementor-element-637ee1cb e-con-full tm-col-stretched-none e-flex tm-bg-color-over-image e-con e-child\" data-id=\"637ee1cb\" data-element_type=\"container\" data-e-type=\"container\">\n\t\t\t\t<div class=\"elementor-element elementor-element-5da583d8 horizontal-line-align-left vertical-line-align-bottom elementor-invisible elementor-widget elementor-widget-tm-ele-section-title\" data-id=\"5da583d8\" data-element_type=\"widget\" data-e-type=\"widget\" data-settings=\"{&quot;_animation&quot;:&quot;fadeInUp&quot;}\" data-widget_type=\"tm-ele-section-title.default\">\n\t\t\t\t<div class=\"elementor-widget-container\">\n\t\t\t\t\t<div class=\"tm-sc-section-title section-title line-both-side-current-theme\">\r\n\t<div class=\"title-wrapper\">\r\n\t\t\t\t\r\n\r\n<div class=\"sub-title-outer\">\r\n\t\t<div class=\"subtitle\">\r\n\r\n\t\t\r\n\t\tTravel guide\t<\/div>\r\n\t<\/div>\t\t\t<h2 class=\"title tm-split-text split-in-right\">\r\n\r\n\t\t\r\n\t\t\t\t<span class=\"title-part1\">Find out more<\/span>\r\n\t\t\t\t\r\n\t\t\r\n\t<\/h2>\r\n\t<div class=\"title-seperator-line\"><\/div>\t\t\t\t\t\t<\/div>\r\n<\/div>\t\t\t\t<\/div>\n\t\t\t\t<\/div>\n\t\t\t\t<\/div>\n\t\t<div class=\"elementor-element elementor-element-326650a9 e-con-full tm-col-stretched-none e-flex tm-bg-color-over-image e-con e-child\" data-id=\"326650a9\" data-element_type=\"container\" data-e-type=\"container\">\n\t\t\t\t<div class=\"elementor-element elementor-element-544bb581 elementor-invisible elementor-widget elementor-widget-tm-ele-blog\" data-id=\"544bb581\" data-element_type=\"widget\" data-e-type=\"widget\" data-settings=\"{&quot;_animation&quot;:&quot;fadeInUp&quot;}\" data-widget_type=\"tm-ele-blog.skin-style-current-theme1\">\n\t\t\t\t<div class=\"elementor-widget-container\">\n\t\t\t\t\t\t<div class=\"tm-sc-blog tm-sc-blog-grid\">\r\n\t\t\r\n\t\r\n\t\t<!-- Isotope Gallery Grid -->\r\n\t\t<div id=\"blog-holder-941627\" class=\"isotope-layout grid-3 gutter-10 clearfix\">\r\n\t\t\t<div class=\"isotope-layout-inner\">\r\n\r\n\t\t\t\t<!-- the loop -->\r\n\t\t\t\t\t\t\t\t\t\t\t\t\t\t\t\t<div class=\"isotope-item carnet-de-voyage\">\r\n\t\t\t\t\t<div class=\"isotope-item-inner\" data-wow-delay=\"\">\r\n\t\t\t\t\t\t<article class=\"post-25837 post type-post status-publish format-standard has-post-thumbnail hentry category-carnet-de-voyage\">\r\n\t<!-- News Block -->\r\n<div class=\"blog-item-current-style1\">\r\n  <div class=\"inner-box\">\r\n    <div class=\"entry-header\">\r\n      <div class=\"thumb\">\r\n        <div class=\"post-thumb lightgallery-lightbox\">\r\n\t\r\n\t<div class=\"post-thumb-inner\">\r\n\t\t<div class=\"thumb\">\r\n\t\t\t<img loading=\"lazy\" decoding=\"async\" src=\"https:\/\/www.sejourprive.com\/wp-content\/uploads\/2026\/02\/Sejour-Prive_Dubai-en-famille_sejourner-dans-lexception_IMG-1-672x448.jpg\" width=\"672\" height=\"448\" alt=\"Duba\u00ef en famille : s\u00e9journer dans l\u2019exception\"\/>\r\n\t\t<\/div>\r\n\t<\/div>\r\n\t<\/div>        <div class=\"post-thumb lightgallery-lightbox\">\r\n\t\r\n\t<div class=\"post-thumb-inner\">\r\n\t\t<div class=\"thumb\">\r\n\t\t\t<img loading=\"lazy\" decoding=\"async\" src=\"https:\/\/www.sejourprive.com\/wp-content\/uploads\/2026\/02\/Sejour-Prive_Dubai-en-famille_sejourner-dans-lexception_IMG-1-672x448.jpg\" width=\"672\" height=\"448\" alt=\"Duba\u00ef en famille : s\u00e9journer dans l\u2019exception\"\/>\r\n\t\t<\/div>\r\n\t<\/div>\r\n\t<\/div>      <\/div>\r\n\r\n              \t\t      <\/div>\r\n    <div class=\"entry-content\">\r\n\r\n              \t<ul class=\"entry-meta list-inline\">\r\n\t\t\t<li class=\"list-inline-item posted-date\"><i class=\"fa fa-calendar-o\"><\/i> <a href=\"https:\/\/www.sejourprive.com\/en\/dubai-en-famille-sejourner-dans-lexception\/\" rel=\"bookmark\"><time class=\"entry-date published updated\" datetime=\"2026-02-05T09:00:10+01:00\">5 February 2026<\/time><\/a><\/li>\r\n\t\t\t\t<li class=\"list-inline-item categories\"><i class=\"fa fa-folder-o\"><\/i> \t\t\t<span class=\"categories-links\"><a href=\"https:\/\/www.sejourprive.com\/en\/category\/carnet-de-voyage\/\" rel=\"category tag\">Travel guide<\/a><\/span>\r\n        <\/li>\r\n\t\t<\/ul>\r\n\t      \r\n              <h4 class=\"entry-title\"><a href=\"https:\/\/www.sejourprive.com\/en\/dubai-en-famille-sejourner-dans-lexception\/\" rel=\"bookmark\">Dubai as a family: an exceptional stay<\/a><\/h4>      \r\n      \r\n          <\/div>\r\n  <\/div>\r\n<\/div><\/article>\t\t\t\t\t<\/div>\r\n\t\t\t\t<\/div>\r\n\t\t\t\t\t\t\t\t\t\t\t\t\t\t\t\t<div class=\"isotope-item carnet-de-voyage\">\r\n\t\t\t\t\t<div class=\"isotope-item-inner\" data-wow-delay=\"\">\r\n\t\t\t\t\t\t<article class=\"post-25819 post type-post status-publish format-standard has-post-thumbnail hentry category-carnet-de-voyage\">\r\n\t<!-- News Block -->\r\n<div class=\"blog-item-current-style1\">\r\n  <div class=\"inner-box\">\r\n    <div class=\"entry-header\">\r\n      <div class=\"thumb\">\r\n        <div class=\"post-thumb lightgallery-lightbox\">\r\n\t\r\n\t<div class=\"post-thumb-inner\">\r\n\t\t<div class=\"thumb\">\r\n\t\t\t<img loading=\"lazy\" decoding=\"async\" src=\"https:\/\/www.sejourprive.com\/wp-content\/uploads\/2026\/02\/Sejour-Prive_Riviera-Suisse_IMG-1-672x448.jpg\" width=\"672\" height=\"448\" alt=\"La Riviera suisse, l\u2019un des secrets les mieux gard\u00e9s d\u2019Europe\"\/>\r\n\t\t<\/div>\r\n\t<\/div>\r\n\t<\/div>        <div class=\"post-thumb lightgallery-lightbox\">\r\n\t\r\n\t<div class=\"post-thumb-inner\">\r\n\t\t<div class=\"thumb\">\r\n\t\t\t<img loading=\"lazy\" decoding=\"async\" src=\"https:\/\/www.sejourprive.com\/wp-content\/uploads\/2026\/02\/Sejour-Prive_Riviera-Suisse_IMG-1-672x448.jpg\" width=\"672\" height=\"448\" alt=\"La Riviera suisse, l\u2019un des secrets les mieux gard\u00e9s d\u2019Europe\"\/>\r\n\t\t<\/div>\r\n\t<\/div>\r\n\t<\/div>      <\/div>\r\n\r\n              \t\t      <\/div>\r\n    <div class=\"entry-content\">\r\n\r\n              \t<ul class=\"entry-meta list-inline\">\r\n\t\t\t<li class=\"list-inline-item posted-date\"><i class=\"fa fa-calendar-o\"><\/i> <a href=\"https:\/\/www.sejourprive.com\/en\/la-riviera-suisse-lun-des-secrets-les-mieux-gardes-deurope\/\" rel=\"bookmark\"><time class=\"entry-date published updated\" datetime=\"2026-02-05T08:56:40+01:00\">5 February 2026<\/time><\/a><\/li>\r\n\t\t\t\t<li class=\"list-inline-item categories\"><i class=\"fa fa-folder-o\"><\/i> \t\t\t<span class=\"categories-links\"><a href=\"https:\/\/www.sejourprive.com\/en\/category\/carnet-de-voyage\/\" rel=\"category tag\">Travel guide<\/a><\/span>\r\n        <\/li>\r\n\t\t<\/ul>\r\n\t      \r\n              <h4 class=\"entry-title\"><a href=\"https:\/\/www.sejourprive.com\/en\/la-riviera-suisse-lun-des-secrets-les-mieux-gardes-deurope\/\" rel=\"bookmark\">The Swiss Riviera, one of Europe's best-kept secrets<\/a><\/h4>      \r\n      \r\n          <\/div>\r\n  <\/div>\r\n<\/div><\/article>\t\t\t\t\t<\/div>\r\n\t\t\t\t<\/div>\r\n\t\t\t\t\t\t\t\t\t\t\t\t\t\t\t\t<div class=\"isotope-item carnet-de-voyage\">\r\n\t\t\t\t\t<div class=\"isotope-item-inner\" data-wow-delay=\"\">\r\n\t\t\t\t\t\t<article class=\"post-25827 post type-post status-publish format-standard has-post-thumbnail hentry category-carnet-de-voyage\">\r\n\t<!-- News Block -->\r\n<div class=\"blog-item-current-style1\">\r\n  <div class=\"inner-box\">\r\n    <div class=\"entry-header\">\r\n      <div class=\"thumb\">\r\n        <div class=\"post-thumb lightgallery-lightbox\">\r\n\t\r\n\t<div class=\"post-thumb-inner\">\r\n\t\t<div class=\"thumb\">\r\n\t\t\t<img loading=\"lazy\" decoding=\"async\" src=\"https:\/\/www.sejourprive.com\/wp-content\/uploads\/2026\/02\/Sejour-Prive_Des-plages-presque-secretes-sur-la-Cote-dAzur_IMG-1-672x448.jpg\" width=\"672\" height=\"448\" alt=\"Des plages (presque) secr\u00e8tes sur la C\u00f4te d\u2019Azur\"\/>\r\n\t\t<\/div>\r\n\t<\/div>\r\n\t<\/div>        <div class=\"post-thumb lightgallery-lightbox\">\r\n\t\r\n\t<div class=\"post-thumb-inner\">\r\n\t\t<div class=\"thumb\">\r\n\t\t\t<img loading=\"lazy\" decoding=\"async\" src=\"https:\/\/www.sejourprive.com\/wp-content\/uploads\/2026\/02\/Sejour-Prive_Des-plages-presque-secretes-sur-la-Cote-dAzur_IMG-1-672x448.jpg\" width=\"672\" height=\"448\" alt=\"Des plages (presque) secr\u00e8tes sur la C\u00f4te d\u2019Azur\"\/>\r\n\t\t<\/div>\r\n\t<\/div>\r\n\t<\/div>      <\/div>\r\n\r\n              \t\t      <\/div>\r\n    <div class=\"entry-content\">\r\n\r\n              \t<ul class=\"entry-meta list-inline\">\r\n\t\t\t<li class=\"list-inline-item posted-date\"><i class=\"fa fa-calendar-o\"><\/i> <a href=\"https:\/\/www.sejourprive.com\/en\/des-plages-presque-secretes-sur-la-cote-dazur\/\" rel=\"bookmark\"><time class=\"entry-date published updated\" datetime=\"2026-02-04T17:07:19+01:00\">4 February 2026<\/time><\/a><\/li>\r\n\t\t\t\t<li class=\"list-inline-item categories\"><i class=\"fa fa-folder-o\"><\/i> \t\t\t<span class=\"categories-links\"><a href=\"https:\/\/www.sejourprive.com\/en\/category\/carnet-de-voyage\/\" rel=\"category tag\">Travel guide<\/a><\/span>\r\n        <\/li>\r\n\t\t<\/ul>\r\n\t      \r\n              <h4 class=\"entry-title\"><a href=\"https:\/\/www.sejourprive.com\/en\/des-plages-presque-secretes-sur-la-cote-dazur\/\" rel=\"bookmark\">(Almost) secret beaches on the C\u00f4te d'Azur<\/a><\/h4>      \r\n      \r\n          <\/div>\r\n  <\/div>\r\n<\/div><\/article>\t\t\t\t\t<\/div>\r\n\t\t\t\t<\/div>\r\n\t\t\t\t\t\t\t\t<!-- end of the loop -->\r\n\t\t\t<\/div>\r\n\t\t<\/div>\r\n\t\t\t<\/div>\r\n\r\n\r\n\t\t\t\t<\/div>\n\t\t\t\t<\/div>\n\t\t\t\t<\/div>\n\t\t\t\t<\/div>\n\t\t\t\t<\/div>\n\t\t\t\t\t<\/div>\n\t\t\t\t<\/div>\n\t\t<div class=\"elementor-element elementor-element-241d6593 e-con-full e-flex e-con e-parent\" data-id=\"241d6593\" data-element_type=\"container\" data-e-type=\"container\">\n\t\t<div class=\"elementor-element elementor-element-3321bf05 e-con-full e-flex tm-col-stretched-none e-con e-child\" data-id=\"3321bf05\" data-element_type=\"container\" data-e-type=\"container\">\n\t\t<div class=\"elementor-element elementor-element-5501863d e-con-full e-flex tm-col-stretched-none e-con e-child\" data-id=\"5501863d\" data-element_type=\"container\" data-e-type=\"container\">\n\t\t<div class=\"elementor-element elementor-element-5812e7fb e-con-full e-flex tm-col-stretched-none e-con e-child\" data-id=\"5812e7fb\" data-element_type=\"container\" data-e-type=\"container\">\n\t\t\t\t<div class=\"elementor-element elementor-element-562536f0 horizontal-line-align-left vertical-line-align-bottom elementor-widget elementor-widget-tm-ele-section-title\" data-id=\"562536f0\" data-element_type=\"widget\" data-e-type=\"widget\" data-widget_type=\"tm-ele-section-title.default\">\n\t\t\t\t<div class=\"elementor-widget-container\">\n\t\t\t\t\t<div class=\"tm-sc-section-title section-title line-right-current-theme\">\r\n\t<div class=\"title-wrapper\">\r\n\t\t\t\t\r\n\r\n<div class=\"sub-title-outer\">\r\n\t<\/div>\t\t\t<h2 class=\"title tm-split-text split-in-right\">\r\n\r\n\t\t\r\n\t\t\t\t<span class=\"title-part1\">Looking for a unique holiday?<\/span>\r\n\t\t\t\t\r\n\t\t\r\n\t<\/h2>\r\n\t<div class=\"title-seperator-line\"><\/div>\t\t\t\t\t\t<\/div>\r\n<\/div>\t\t\t\t<\/div>\n\t\t\t\t<\/div>\n\t\t\t\t<div class=\"elementor-element elementor-element-319f9046 elementor-widget__width-initial elementor-widget elementor-widget-tm-ele-text-editor\" data-id=\"319f9046\" data-element_type=\"widget\" data-e-type=\"widget\" data-widget_type=\"tm-ele-text-editor.default\">\n\t\t\t\t<div class=\"elementor-widget-container\">\n\t\t\t\t\t\t\t<div class=\"tm-text-editor\">\r\n\t\t<p class=\"tw-data-text tw-text-large tw-ta\" data-placeholder=\"Traduction\" id=\"tw-target-text\" data-ved=\"2ahUKEwjA64f4uMqMAxVwTqQEHU8ZORgQ3ewLegQICBAV\" dir=\"ltr\" aria-label=\"Translated text: Enter your request below and your onefinestay destination specialist will contact you to assist you.\"><span class=\"Y2IQFc\" lang=\"fr\">A S\u00e9jour Priv\u00e9 destination specialist will contact you and assist you.<\/span><\/p>\t\t<\/div>\r\n\t\t\t\t\t<\/div>\n\t\t\t\t<\/div>\n\t\t\t\t<div class=\"elementor-element elementor-element-8e7de71 elementor-widget elementor-widget-tm-ele-button\" data-id=\"8e7de71\" data-element_type=\"widget\" data-e-type=\"widget\" data-widget_type=\"tm-ele-button.default\">\n\t\t\t\t<div class=\"elementor-widget-container\">\n\t\t\t\t\t<div class=\"tm-sc-button btn-view-details\">\r\n\t<a  href=\"https:\/\/dev251.kodesolution.com\/hoteler\/about\/\"\r\n\t\t\t\t\t\tclass=\"btn btn-theme-colored1 btn-sm\">\r\n\r\n\r\n\t\t\r\n\t\t<span>\r\n\t\tGet in touch\t\t<\/span>\r\n\r\n\t\t\t<\/a>\r\n<\/div>\t\t\t\t<\/div>\n\t\t\t\t<\/div>\n\t\t\t\t<\/div>\n\t\t\t\t<\/div>\n\t\t<div class=\"elementor-element elementor-element-466d3b97 e-con-full tm-col-stretched-none elementor-hidden-mobile e-flex e-con e-child\" data-id=\"466d3b97\" data-element_type=\"container\" data-e-type=\"container\" data-settings=\"{&quot;background_background&quot;:&quot;classic&quot;}\">\n\t\t\t\t<\/div>\n\t\t\t\t<\/div>\n\t\t\t\t<\/div>\n\t\t\t\t<\/div>","protected":false},"excerpt":{"rendered":"<p>In autumn, Paris slows down to reveal a gentle, inspiring atmosphere of nature, culture and major events.<\/p>","protected":false},"author":2,"featured_media":20595,"comment_status":"closed","ping_status":"closed","sticky":false,"template":"elementor_header_footer","format":"standard","meta":{"_acf_changed":false,"footnotes":""},"categories":[1],"tags":[],"class_list":["post-20529","post","type-post","status-publish","format-standard","has-post-thumbnail","hentry","category-carnet-de-voyage"],"acf":[],"yoast_head":"<!-- This site is optimized with the Yoast SEO plugin v26.6 - https:\/\/yoast.com\/wordpress\/plugins\/seo\/ -->\n<title>S\u00e9jour Priv\u00e9 - L\u2019automne \u00e0 Paris, une saison \u00e0 part<\/title>\n<meta name=\"description\" content=\"\u00c0 l\u2019automne, Paris ralentit et r\u00e9v\u00e8le une atmosph\u00e8re douce et inspirante, entre nature, culture et grands \u00e9v\u00e9nements.\" \/>\n<meta name=\"robots\" content=\"index, follow, max-snippet:-1, max-image-preview:large, max-video-preview:-1\" \/>\n<link rel=\"canonical\" href=\"https:\/\/www.sejourprive.com\/en\/lautomne-a-paris-une-saison-a-part\/\" \/>\n<meta property=\"og:locale\" content=\"en_GB\" \/>\n<meta property=\"og:type\" content=\"article\" \/>\n<meta property=\"og:title\" content=\"S\u00e9jour Priv\u00e9 - L\u2019automne \u00e0 Paris, une saison \u00e0 part\" \/>\n<meta property=\"og:description\" content=\"\u00c0 l\u2019automne, Paris ralentit et r\u00e9v\u00e8le une atmosph\u00e8re douce et inspirante, entre nature, culture et grands \u00e9v\u00e9nements.\" \/>\n<meta property=\"og:url\" content=\"https:\/\/www.sejourprive.com\/en\/lautomne-a-paris-une-saison-a-part\/\" \/>\n<meta property=\"og:site_name\" content=\"S\u00e9jour Priv\u00e9\" \/>\n<meta property=\"article:published_time\" content=\"2025-06-26T13:01:45+00:00\" \/>\n<meta property=\"article:modified_time\" content=\"2026-03-02T10:19:12+00:00\" \/>\n<meta property=\"og:image\" content=\"https:\/\/www.sejourprive.com\/wp-content\/uploads\/2026\/01\/Sejour-Prive_Paris-automne_IMG-1.jpg\" \/>\n\t<meta property=\"og:image:width\" content=\"1920\" \/>\n\t<meta property=\"og:image:height\" content=\"1080\" \/>\n\t<meta property=\"og:image:type\" content=\"image\/jpeg\" \/>\n<meta name=\"author\" content=\"bruno@sp\" \/>\n<meta name=\"twitter:card\" content=\"summary_large_image\" \/>\n<meta name=\"twitter:label1\" content=\"Written by\" \/>\n\t<meta name=\"twitter:data1\" content=\"bruno@sp\" \/>\n\t<meta name=\"twitter:label2\" content=\"Estimated reading time\" \/>\n\t<meta name=\"twitter:data2\" content=\"8 minutes\" \/>\n<script type=\"application\/ld+json\" class=\"yoast-schema-graph\">{\"@context\":\"https:\/\/schema.org\",\"@graph\":[{\"@type\":\"Article\",\"@id\":\"https:\/\/www.sejourprive.com\/lautomne-a-paris-une-saison-a-part\/#article\",\"isPartOf\":{\"@id\":\"https:\/\/www.sejourprive.com\/lautomne-a-paris-une-saison-a-part\/\"},\"author\":{\"name\":\"bruno@sp\",\"@id\":\"https:\/\/www.sejourprive.com\/#\/schema\/person\/c99953876991ca0127fc0b0f2002d556\"},\"headline\":\"L\u2019automne \u00e0 Paris, une saison \u00e0 part\",\"datePublished\":\"2025-06-26T13:01:45+00:00\",\"dateModified\":\"2026-03-02T10:19:12+00:00\",\"mainEntityOfPage\":{\"@id\":\"https:\/\/www.sejourprive.com\/lautomne-a-paris-une-saison-a-part\/\"},\"wordCount\":1241,\"publisher\":{\"@id\":\"https:\/\/www.sejourprive.com\/#organization\"},\"image\":{\"@id\":\"https:\/\/www.sejourprive.com\/lautomne-a-paris-une-saison-a-part\/#primaryimage\"},\"thumbnailUrl\":\"https:\/\/www.sejourprive.com\/wp-content\/uploads\/2026\/01\/Sejour-Prive_Paris-automne_IMG-1.jpg\",\"articleSection\":[\"Carnet de voyage\"],\"inLanguage\":\"en-GB\"},{\"@type\":\"WebPage\",\"@id\":\"https:\/\/www.sejourprive.com\/lautomne-a-paris-une-saison-a-part\/\",\"url\":\"https:\/\/www.sejourprive.com\/lautomne-a-paris-une-saison-a-part\/\",\"name\":\"S\u00e9jour Priv\u00e9 - L\u2019automne \u00e0 Paris, une saison \u00e0 part\",\"isPartOf\":{\"@id\":\"https:\/\/www.sejourprive.com\/#website\"},\"primaryImageOfPage\":{\"@id\":\"https:\/\/www.sejourprive.com\/lautomne-a-paris-une-saison-a-part\/#primaryimage\"},\"image\":{\"@id\":\"https:\/\/www.sejourprive.com\/lautomne-a-paris-une-saison-a-part\/#primaryimage\"},\"thumbnailUrl\":\"https:\/\/www.sejourprive.com\/wp-content\/uploads\/2026\/01\/Sejour-Prive_Paris-automne_IMG-1.jpg\",\"datePublished\":\"2025-06-26T13:01:45+00:00\",\"dateModified\":\"2026-03-02T10:19:12+00:00\",\"description\":\"\u00c0 l\u2019automne, Paris ralentit et r\u00e9v\u00e8le une atmosph\u00e8re douce et inspirante, entre nature, culture et grands \u00e9v\u00e9nements.\",\"breadcrumb\":{\"@id\":\"https:\/\/www.sejourprive.com\/lautomne-a-paris-une-saison-a-part\/#breadcrumb\"},\"inLanguage\":\"en-GB\",\"potentialAction\":[{\"@type\":\"ReadAction\",\"target\":[\"https:\/\/www.sejourprive.com\/lautomne-a-paris-une-saison-a-part\/\"]}]},{\"@type\":\"ImageObject\",\"inLanguage\":\"en-GB\",\"@id\":\"https:\/\/www.sejourprive.com\/lautomne-a-paris-une-saison-a-part\/#primaryimage\",\"url\":\"https:\/\/www.sejourprive.com\/wp-content\/uploads\/2026\/01\/Sejour-Prive_Paris-automne_IMG-1.jpg\",\"contentUrl\":\"https:\/\/www.sejourprive.com\/wp-content\/uploads\/2026\/01\/Sejour-Prive_Paris-automne_IMG-1.jpg\",\"width\":1920,\"height\":1080},{\"@type\":\"BreadcrumbList\",\"@id\":\"https:\/\/www.sejourprive.com\/lautomne-a-paris-une-saison-a-part\/#breadcrumb\",\"itemListElement\":[{\"@type\":\"ListItem\",\"position\":1,\"name\":\"Accueil\",\"item\":\"https:\/\/www.sejourprive.com\/\"},{\"@type\":\"ListItem\",\"position\":2,\"name\":\"L\u2019automne \u00e0 Paris, une saison \u00e0 part\"}]},{\"@type\":\"WebSite\",\"@id\":\"https:\/\/www.sejourprive.com\/#website\",\"url\":\"https:\/\/www.sejourprive.com\/\",\"name\":\"S\u00e9jour Priv\u00e9\",\"description\":\"Nous imaginons pour vous des s\u00e9jours d\u2019exception.\",\"publisher\":{\"@id\":\"https:\/\/www.sejourprive.com\/#organization\"},\"potentialAction\":[{\"@type\":\"SearchAction\",\"target\":{\"@type\":\"EntryPoint\",\"urlTemplate\":\"https:\/\/www.sejourprive.com\/?s={search_term_string}\"},\"query-input\":{\"@type\":\"PropertyValueSpecification\",\"valueRequired\":true,\"valueName\":\"search_term_string\"}}],\"inLanguage\":\"en-GB\"},{\"@type\":\"Organization\",\"@id\":\"https:\/\/www.sejourprive.com\/#organization\",\"name\":\"S\u00e9jour Priv\u00e9\",\"url\":\"https:\/\/www.sejourprive.com\/\",\"logo\":{\"@type\":\"ImageObject\",\"inLanguage\":\"en-GB\",\"@id\":\"https:\/\/www.sejourprive.com\/#\/schema\/logo\/image\/\",\"url\":\"https:\/\/www.sejourprive.com\/wp-content\/uploads\/2026\/02\/SP-Apple-touch-144-couleur-1-2.png\",\"contentUrl\":\"https:\/\/www.sejourprive.com\/wp-content\/uploads\/2026\/02\/SP-Apple-touch-144-couleur-1-2.png\",\"width\":145,\"height\":145,\"caption\":\"S\u00e9jour Priv\u00e9\"},\"image\":{\"@id\":\"https:\/\/www.sejourprive.com\/#\/schema\/logo\/image\/\"}},{\"@type\":\"Person\",\"@id\":\"https:\/\/www.sejourprive.com\/#\/schema\/person\/c99953876991ca0127fc0b0f2002d556\",\"name\":\"bruno@sp\",\"url\":\"https:\/\/www.sejourprive.com\/en\/author\/brunosp\/\"}]}<\/script>\n<!-- \/ Yoast SEO plugin. -->","yoast_head_json":{"title":"S\u00e9jour Priv\u00e9 - L\u2019automne \u00e0 Paris, une saison \u00e0 part","description":"In autumn, Paris slows down to reveal a gentle, inspiring atmosphere of nature, culture and major events.","robots":{"index":"index","follow":"follow","max-snippet":"max-snippet:-1","max-image-preview":"max-image-preview:large","max-video-preview":"max-video-preview:-1"},"canonical":"https:\/\/www.sejourprive.com\/en\/lautomne-a-paris-une-saison-a-part\/","og_locale":"en_GB","og_type":"article","og_title":"S\u00e9jour Priv\u00e9 - L\u2019automne \u00e0 Paris, une saison \u00e0 part","og_description":"\u00c0 l\u2019automne, Paris ralentit et r\u00e9v\u00e8le une atmosph\u00e8re douce et inspirante, entre nature, culture et grands \u00e9v\u00e9nements.","og_url":"https:\/\/www.sejourprive.com\/en\/lautomne-a-paris-une-saison-a-part\/","og_site_name":"S\u00e9jour Priv\u00e9","article_published_time":"2025-06-26T13:01:45+00:00","article_modified_time":"2026-03-02T10:19:12+00:00","og_image":[{"width":1920,"height":1080,"url":"https:\/\/www.sejourprive.com\/wp-content\/uploads\/2026\/01\/Sejour-Prive_Paris-automne_IMG-1.jpg","type":"image\/jpeg"}],"author":"bruno@sp","twitter_card":"summary_large_image","twitter_misc":{"Written by":"bruno@sp","Estimated reading time":"8 minutes"},"schema":{"@context":"https:\/\/schema.org","@graph":[{"@type":"Article","@id":"https:\/\/www.sejourprive.com\/lautomne-a-paris-une-saison-a-part\/#article","isPartOf":{"@id":"https:\/\/www.sejourprive.com\/lautomne-a-paris-une-saison-a-part\/"},"author":{"name":"bruno@sp","@id":"https:\/\/www.sejourprive.com\/#\/schema\/person\/c99953876991ca0127fc0b0f2002d556"},"headline":"L\u2019automne \u00e0 Paris, une saison \u00e0 part","datePublished":"2025-06-26T13:01:45+00:00","dateModified":"2026-03-02T10:19:12+00:00","mainEntityOfPage":{"@id":"https:\/\/www.sejourprive.com\/lautomne-a-paris-une-saison-a-part\/"},"wordCount":1241,"publisher":{"@id":"https:\/\/www.sejourprive.com\/#organization"},"image":{"@id":"https:\/\/www.sejourprive.com\/lautomne-a-paris-une-saison-a-part\/#primaryimage"},"thumbnailUrl":"https:\/\/www.sejourprive.com\/wp-content\/uploads\/2026\/01\/Sejour-Prive_Paris-automne_IMG-1.jpg","articleSection":["Carnet de voyage"],"inLanguage":"en-GB"},{"@type":"WebPage","@id":"https:\/\/www.sejourprive.com\/lautomne-a-paris-une-saison-a-part\/","url":"https:\/\/www.sejourprive.com\/lautomne-a-paris-une-saison-a-part\/","name":"S\u00e9jour Priv\u00e9 - L\u2019automne \u00e0 Paris, une saison \u00e0 part","isPartOf":{"@id":"https:\/\/www.sejourprive.com\/#website"},"primaryImageOfPage":{"@id":"https:\/\/www.sejourprive.com\/lautomne-a-paris-une-saison-a-part\/#primaryimage"},"image":{"@id":"https:\/\/www.sejourprive.com\/lautomne-a-paris-une-saison-a-part\/#primaryimage"},"thumbnailUrl":"https:\/\/www.sejourprive.com\/wp-content\/uploads\/2026\/01\/Sejour-Prive_Paris-automne_IMG-1.jpg","datePublished":"2025-06-26T13:01:45+00:00","dateModified":"2026-03-02T10:19:12+00:00","description":"In autumn, Paris slows down to reveal a gentle, inspiring atmosphere of nature, culture and major events.","breadcrumb":{"@id":"https:\/\/www.sejourprive.com\/lautomne-a-paris-une-saison-a-part\/#breadcrumb"},"inLanguage":"en-GB","potentialAction":[{"@type":"ReadAction","target":["https:\/\/www.sejourprive.com\/lautomne-a-paris-une-saison-a-part\/"]}]},{"@type":"ImageObject","inLanguage":"en-GB","@id":"https:\/\/www.sejourprive.com\/lautomne-a-paris-une-saison-a-part\/#primaryimage","url":"https:\/\/www.sejourprive.com\/wp-content\/uploads\/2026\/01\/Sejour-Prive_Paris-automne_IMG-1.jpg","contentUrl":"https:\/\/www.sejourprive.com\/wp-content\/uploads\/2026\/01\/Sejour-Prive_Paris-automne_IMG-1.jpg","width":1920,"height":1080},{"@type":"BreadcrumbList","@id":"https:\/\/www.sejourprive.com\/lautomne-a-paris-une-saison-a-part\/#breadcrumb","itemListElement":[{"@type":"ListItem","position":1,"name":"Accueil","item":"https:\/\/www.sejourprive.com\/"},{"@type":"ListItem","position":2,"name":"L\u2019automne \u00e0 Paris, une saison \u00e0 part"}]},{"@type":"WebSite","@id":"https:\/\/www.sejourprive.com\/#website","url":"https:\/\/www.sejourprive.com\/","name":"Private Stay","description":"We design exceptional holidays for you.","publisher":{"@id":"https:\/\/www.sejourprive.com\/#organization"},"potentialAction":[{"@type":"SearchAction","target":{"@type":"EntryPoint","urlTemplate":"https:\/\/www.sejourprive.com\/?s={search_term_string}"},"query-input":{"@type":"PropertyValueSpecification","valueRequired":true,"valueName":"search_term_string"}}],"inLanguage":"en-GB"},{"@type":"Organization","@id":"https:\/\/www.sejourprive.com\/#organization","name":"Private Stay","url":"https:\/\/www.sejourprive.com\/","logo":{"@type":"ImageObject","inLanguage":"en-GB","@id":"https:\/\/www.sejourprive.com\/#\/schema\/logo\/image\/","url":"https:\/\/www.sejourprive.com\/wp-content\/uploads\/2026\/02\/SP-Apple-touch-144-couleur-1-2.png","contentUrl":"https:\/\/www.sejourprive.com\/wp-content\/uploads\/2026\/02\/SP-Apple-touch-144-couleur-1-2.png","width":145,"height":145,"caption":"S\u00e9jour Priv\u00e9"},"image":{"@id":"https:\/\/www.sejourprive.com\/#\/schema\/logo\/image\/"}},{"@type":"Person","@id":"https:\/\/www.sejourprive.com\/#\/schema\/person\/c99953876991ca0127fc0b0f2002d556","name":"bruno@sp","url":"https:\/\/www.sejourprive.com\/en\/author\/brunosp\/"}]}},"_links":{"self":[{"href":"https:\/\/www.sejourprive.com\/en\/wp-json\/wp\/v2\/posts\/20529","targetHints":{"allow":["GET"]}}],"collection":[{"href":"https:\/\/www.sejourprive.com\/en\/wp-json\/wp\/v2\/posts"}],"about":[{"href":"https:\/\/www.sejourprive.com\/en\/wp-json\/wp\/v2\/types\/post"}],"author":[{"embeddable":true,"href":"https:\/\/www.sejourprive.com\/en\/wp-json\/wp\/v2\/users\/2"}],"replies":[{"embeddable":true,"href":"https:\/\/www.sejourprive.com\/en\/wp-json\/wp\/v2\/comments?post=20529"}],"version-history":[{"count":0,"href":"https:\/\/www.sejourprive.com\/en\/wp-json\/wp\/v2\/posts\/20529\/revisions"}],"wp:featuredmedia":[{"embeddable":true,"href":"https:\/\/www.sejourprive.com\/en\/wp-json\/wp\/v2\/media\/20595"}],"wp:attachment":[{"href":"https:\/\/www.sejourprive.com\/en\/wp-json\/wp\/v2\/media?parent=20529"}],"wp:term":[{"taxonomy":"category","embeddable":true,"href":"https:\/\/www.sejourprive.com\/en\/wp-json\/wp\/v2\/categories?post=20529"},{"taxonomy":"post_tag","embeddable":true,"href":"https:\/\/www.sejourprive.com\/en\/wp-json\/wp\/v2\/tags?post=20529"}],"curies":[{"name":"wp","href":"https:\/\/api.w.org\/{rel}","templated":true}]}}