{"id":20516,"date":"2025-06-26T14:46:18","date_gmt":"2025-06-26T12:46:18","guid":{"rendered":"https:\/\/www.sejourprive.com\/?p=20516"},"modified":"2026-03-02T11:19:13","modified_gmt":"2026-03-02T10:19:13","slug":"mykonos-au-dela-des-cliches","status":"publish","type":"post","link":"https:\/\/www.sejourprive.com\/en\/mykonos-au-dela-des-cliches\/","title":{"rendered":"Mykonos, beyond the clich\u00e9s"},"content":{"rendered":"<div data-elementor-type=\"wp-post\" data-elementor-id=\"20516\" class=\"elementor elementor-20516\" data-elementor-post-type=\"post\">\n\t\t\t\t<div class=\"elementor-element elementor-element-69a16543 e-flex e-con-boxed tm-col-stretched-none tm-bg-color-over-image e-con e-parent\" data-id=\"69a16543\" data-element_type=\"container\" data-e-type=\"container\" data-settings=\"{&quot;background_background&quot;:&quot;classic&quot;}\">\n\t\t\t\t\t<div class=\"e-con-inner\">\n\t\t<div class=\"elementor-element elementor-element-2f5ebb1a e-con-full e-flex tm-col-stretched-none tm-bg-color-over-image e-con e-child\" data-id=\"2f5ebb1a\" data-element_type=\"container\" data-e-type=\"container\">\n\t\t\t\t<div class=\"elementor-element elementor-element-38538859 horizontal-line-align-left vertical-line-align-bottom elementor-widget elementor-widget-tm-ele-section-title\" data-id=\"38538859\" data-element_type=\"widget\" data-e-type=\"widget\" data-widget_type=\"tm-ele-section-title.default\">\n\t\t\t\t<div class=\"elementor-widget-container\">\n\t\t\t\t\t<div class=\"tm-sc-section-title section-title\">\r\n\t<div class=\"title-wrapper\">\r\n\t\t\t\t\t\t\t<h1 class=\"title tm-split-text split-in-right\">\r\n\r\n\t\t\r\n\t\t\t\t<span class=\"title-part1\">Mykonos, beyond the clich\u00e9s<\/span>\r\n\t\t\t\t\r\n\t\t\r\n\t<\/h1>\r\n\t<div class=\"title-seperator-line\"><\/div>\t\t\t\t\t\t<\/div>\r\n<\/div>\t\t\t\t<\/div>\n\t\t\t\t<\/div>\n\t\t\t\t<div class=\"elementor-element elementor-element-6c749d39 elementor-align-center elementor-widget elementor-widget-post-info\" data-id=\"6c749d39\" data-element_type=\"widget\" data-e-type=\"widget\" data-widget_type=\"post-info.default\">\n\t\t\t\t<div class=\"elementor-widget-container\">\n\t\t\t\t\t\t\t<ul class=\"elementor-icon-list-items elementor-post-info\">\n\t\t\t\t\t\t\t\t<li class=\"elementor-icon-list-item elementor-repeater-item-0e93a3f\" itemprop=\"datePublished\">\n\t\t\t\t\t\t\t\t\t\t\t\t\t<span class=\"elementor-icon-list-text elementor-post-info__item elementor-post-info__item--type-date\">\n\t\t\t\t\t\t\t\t\t\t<time>26\/06\/2025<\/time>\t\t\t\t\t<\/span>\n\t\t\t\t\t\t\t\t<\/li>\n\t\t\t\t<\/ul>\n\t\t\t\t\t\t<\/div>\n\t\t\t\t<\/div>\n\t\t\t\t<div class=\"elementor-element elementor-element-1d3a9968 elementor-widget elementor-widget-image\" data-id=\"1d3a9968\" data-element_type=\"widget\" data-e-type=\"widget\" data-widget_type=\"image.default\">\n\t\t\t\t<div class=\"elementor-widget-container\">\n\t\t\t\t\t\t\t\t\t\t\t\t\t\t\t<img fetchpriority=\"high\" decoding=\"async\" width=\"1920\" height=\"1080\" src=\"https:\/\/www.sejourprive.com\/wp-content\/uploads\/2026\/01\/Sejour-Prive_Mykonos_IMG-1.jpg\" class=\"attachment-full size-full wp-image-20519\" alt=\"\" srcset=\"https:\/\/www.sejourprive.com\/wp-content\/uploads\/2026\/01\/Sejour-Prive_Mykonos_IMG-1.jpg 1920w, https:\/\/www.sejourprive.com\/wp-content\/uploads\/2026\/01\/Sejour-Prive_Mykonos_IMG-1-300x169.jpg 300w, https:\/\/www.sejourprive.com\/wp-content\/uploads\/2026\/01\/Sejour-Prive_Mykonos_IMG-1-1024x576.jpg 1024w, https:\/\/www.sejourprive.com\/wp-content\/uploads\/2026\/01\/Sejour-Prive_Mykonos_IMG-1-768x432.jpg 768w, https:\/\/www.sejourprive.com\/wp-content\/uploads\/2026\/01\/Sejour-Prive_Mykonos_IMG-1-1536x864.jpg 1536w, https:\/\/www.sejourprive.com\/wp-content\/uploads\/2026\/01\/Sejour-Prive_Mykonos_IMG-1-18x10.jpg 18w, https:\/\/www.sejourprive.com\/wp-content\/uploads\/2026\/01\/Sejour-Prive_Mykonos_IMG-1-600x338.jpg 600w\" sizes=\"255px\" data-kodelisting-lazy-load-sizes=\"(max-width: 1920px) 100vw, 1920px\" data-kodelisting-loading-image=\"on\" \/>\t\t\t\t\t\t\t\t\t\t\t\t\t\t\t<\/div>\n\t\t\t\t<\/div>\n\t\t\t\t<div class=\"elementor-element elementor-element-2c78b110 elementor-widget__width-initial elementor-widget elementor-widget-tm-ele-text-editor\" data-id=\"2c78b110\" data-element_type=\"widget\" data-e-type=\"widget\" data-widget_type=\"tm-ele-text-editor.default\">\n\t\t\t\t<div class=\"elementor-widget-container\">\n\t\t\t\t\t\t\t<div class=\"tm-text-editor\">\r\n\t\t<h3 class=\"p2\"><span class=\"s1\"> <\/span>A multi-faceted island<\/h3><p class=\"p2\">Often associated with its image as a party destination in the Aegean, Mykonos reveals a much richer identity. Behind the lively beaches and iconic establishments lies an island shaped by history, traditions and contrasting landscapes.<\/p><p class=\"p2\">Covering an area of 105 square kilometres, Mykonos boasts a remarkable heritage. Outside the high season, when there can be as many as 50,000 visitors for around 10,000 inhabitants, the island reveals a quieter, more authentic face. The dazzling white of the Cycladic houses, the intense blue of the sea and the irregular layout of the alleyways bear witness to an ancient past and a deeply rooted art of living.<\/p><h3 class=\"p2\">The origins of Mykonos<\/h3><p class=\"p2\"><strong>From mythology to antiquity<\/strong><\/p><p class=\"p2\">The history of Mykonos has its roots in Greek mythology. According to tradition, the island was the scene of the gigantomachy, the battle between Zeus and the gods of Olympus and the Giants. Defeated by Heracles, the giants are said to have been petrified, giving rise to the island's rock formations.<\/p><p class=\"p2\">Historically, Mykonos has long been in the orbit of its neighbour Delos. A major religious and commercial centre in ancient times, Delos attracted pilgrims and merchants from all over the Mediterranean. Mykonos played an essential logistical role, serving as a support point for this sanctuary city.<\/p><p class=\"p2\"><strong>An island shaped by the sea and trade<\/strong><\/p><p class=\"p2\">In the Middle Ages, Mykonos came under Venetian and then Ottoman domination. Its strategic position on the sea routes made it a regular target for pirates. This insecurity had a lasting influence on the way the villages were organised, particularly Chora, which was designed as a network of narrow, winding streets to disorientate invaders.<\/p><p class=\"p2\">At the same time, the island's inhabitants developed an important maritime and commercial activity. This naval tradition enabled the island to play an active role in the Greek War of Independence in the 19th century, and helped forge a strong island identity.<\/p><p class=\"p2\"><strong>The 20th century revival<\/strong><\/p><p class=\"p2\">After a period of decline, Mykonos experienced a revival from the 1950s onwards. Artists, intellectuals and international travellers rediscovered the island, attracted by its light, unspoilt architecture and unique atmosphere. This period marked the beginning of the island's international reputation, well before the rise of mass tourism.<\/p><p class=\"p2\">This renewal is helping to revitalise the local economy while preserving an essential part of our architectural and cultural heritage.<\/p>\t\t<\/div>\r\n\t\t\t\t\t<\/div>\n\t\t\t\t<\/div>\n\t\t\t\t<div class=\"elementor-element elementor-element-7c12b4f elementor-widget elementor-widget-spacer\" data-id=\"7c12b4f\" data-element_type=\"widget\" data-e-type=\"widget\" data-widget_type=\"spacer.default\">\n\t\t\t\t<div class=\"elementor-widget-container\">\n\t\t\t\t\t\t\t<div class=\"elementor-spacer\">\n\t\t\t<div class=\"elementor-spacer-inner\"><\/div>\n\t\t<\/div>\n\t\t\t\t\t\t<\/div>\n\t\t\t\t<\/div>\n\t\t<div class=\"elementor-element elementor-element-4cd62afb e-flex e-con-boxed tm-col-stretched-none tm-bg-color-over-image e-con e-child\" data-id=\"4cd62afb\" data-element_type=\"container\" data-e-type=\"container\">\n\t\t\t\t\t<div class=\"e-con-inner\">\n\t\t<div class=\"elementor-element elementor-element-374de31b e-con-full e-flex tm-col-stretched-none tm-bg-color-over-image e-con e-child\" data-id=\"374de31b\" data-element_type=\"container\" data-e-type=\"container\">\n\t\t\t\t<div class=\"elementor-element elementor-element-7f024ec4 elementor-widget elementor-widget-image\" data-id=\"7f024ec4\" data-element_type=\"widget\" data-e-type=\"widget\" data-widget_type=\"image.default\">\n\t\t\t\t<div class=\"elementor-widget-container\">\n\t\t\t\t\t\t\t\t\t\t\t\t\t\t\t<img decoding=\"async\" width=\"809\" height=\"1080\" src=\"https:\/\/www.sejourprive.com\/wp-content\/uploads\/2026\/01\/Sejour-Prive_Mykonos_IMG-2.jpg\" class=\"attachment-full size-full wp-image-20520\" alt=\"\" srcset=\"https:\/\/www.sejourprive.com\/wp-content\/uploads\/2026\/01\/Sejour-Prive_Mykonos_IMG-2.jpg 809w, https:\/\/www.sejourprive.com\/wp-content\/uploads\/2026\/01\/Sejour-Prive_Mykonos_IMG-2-225x300.jpg 225w, https:\/\/www.sejourprive.com\/wp-content\/uploads\/2026\/01\/Sejour-Prive_Mykonos_IMG-2-767x1024.jpg 767w, https:\/\/www.sejourprive.com\/wp-content\/uploads\/2026\/01\/Sejour-Prive_Mykonos_IMG-2-768x1025.jpg 768w, https:\/\/www.sejourprive.com\/wp-content\/uploads\/2026\/01\/Sejour-Prive_Mykonos_IMG-2-9x12.jpg 9w, https:\/\/www.sejourprive.com\/wp-content\/uploads\/2026\/01\/Sejour-Prive_Mykonos_IMG-2-600x801.jpg 600w\" sizes=\"255px\" data-kodelisting-lazy-load-sizes=\"(max-width: 809px) 100vw, 809px\" data-kodelisting-loading-image=\"on\" \/>\t\t\t\t\t\t\t\t\t\t\t\t\t\t\t<\/div>\n\t\t\t\t<\/div>\n\t\t\t\t<\/div>\n\t\t<div class=\"elementor-element elementor-element-5a00a712 tm-col-stretched-none e-con-full e-flex tm-bg-color-over-image e-con e-child\" data-id=\"5a00a712\" data-element_type=\"container\" data-e-type=\"container\">\n\t\t\t\t<div class=\"elementor-element elementor-element-2e78fbf0 elementor-widget elementor-widget-image\" data-id=\"2e78fbf0\" data-element_type=\"widget\" data-e-type=\"widget\" data-widget_type=\"image.default\">\n\t\t\t\t<div class=\"elementor-widget-container\">\n\t\t\t\t\t\t\t\t\t\t\t\t\t\t\t<img decoding=\"async\" width=\"767\" height=\"1024\" src=\"https:\/\/www.sejourprive.com\/wp-content\/uploads\/2026\/01\/Sejour-Prive_Mykonos_IMG-3-767x1024.jpg\" class=\"attachment-large size-large wp-image-20521\" alt=\"\" srcset=\"https:\/\/www.sejourprive.com\/wp-content\/uploads\/2026\/01\/Sejour-Prive_Mykonos_IMG-3-767x1024.jpg 767w, https:\/\/www.sejourprive.com\/wp-content\/uploads\/2026\/01\/Sejour-Prive_Mykonos_IMG-3-225x300.jpg 225w, https:\/\/www.sejourprive.com\/wp-content\/uploads\/2026\/01\/Sejour-Prive_Mykonos_IMG-3-768x1025.jpg 768w, https:\/\/www.sejourprive.com\/wp-content\/uploads\/2026\/01\/Sejour-Prive_Mykonos_IMG-3-9x12.jpg 9w, https:\/\/www.sejourprive.com\/wp-content\/uploads\/2026\/01\/Sejour-Prive_Mykonos_IMG-3-600x801.jpg 600w, https:\/\/www.sejourprive.com\/wp-content\/uploads\/2026\/01\/Sejour-Prive_Mykonos_IMG-3.jpg 809w\" sizes=\"255px\" data-kodelisting-lazy-load-sizes=\"(max-width: 767px) 100vw, 767px\" data-kodelisting-loading-image=\"on\" \/>\t\t\t\t\t\t\t\t\t\t\t\t\t\t\t<\/div>\n\t\t\t\t<\/div>\n\t\t\t\t<\/div>\n\t\t\t\t\t<\/div>\n\t\t\t\t<\/div>\n\t\t\t\t<div class=\"elementor-element elementor-element-9ff3c9 elementor-widget elementor-widget-spacer\" data-id=\"9ff3c9\" data-element_type=\"widget\" data-e-type=\"widget\" data-widget_type=\"spacer.default\">\n\t\t\t\t<div class=\"elementor-widget-container\">\n\t\t\t\t\t\t\t<div class=\"elementor-spacer\">\n\t\t\t<div class=\"elementor-spacer-inner\"><\/div>\n\t\t<\/div>\n\t\t\t\t\t\t<\/div>\n\t\t\t\t<\/div>\n\t\t\t\t<div class=\"elementor-element elementor-element-60cca707 elementor-widget__width-initial elementor-widget elementor-widget-tm-ele-text-editor\" data-id=\"60cca707\" data-element_type=\"widget\" data-e-type=\"widget\" data-widget_type=\"tm-ele-text-editor.default\">\n\t\t\t\t<div class=\"elementor-widget-container\">\n\t\t\t\t\t\t\t<div class=\"tm-text-editor\">\r\n\t\t<h3 class=\"p1\">Chora, Cycladic capital<\/h3><p class=\"p1\"><strong>An architectural labyrinth<\/strong><\/p><p class=\"p1\">Chora, the capital of Mykonos, is an emblematic example of Cycladic architecture. Its narrow streets, paved with whitewashed stone, wind between cube-shaped houses with white facades. Wooden doors, shutters and balconies, often painted blue, give structure to the whole, while bougainvillea and geraniums add a touch of greenery.<\/p><p class=\"p1\">Move away from the main roads and you'll discover discreet chapels, quieter squares and a more perceptible local life.<\/p><p class=\"p1\"><strong>Little Venice and windmills<\/strong><\/p><p class=\"p1\">The district of Alefkandra, known as Little Venice, is characterised by its 18th-century houses built directly on the water's edge. Once the homes of merchants, they now offer one of the island's best-known views.<\/p><p class=\"p1\">On the nearby hill, the windmills of Kato Myli are a reminder of Mykonos' past agricultural importance. They are now one of the island's major visual landmarks, offering uninterrupted views of the town and the Aegean Sea.<\/p><p class=\"p1\"><strong>Explore Chora differently<\/strong><\/p><p class=\"p1\">For a more in-depth exploration, we recommend visiting Chora at a quieter time of day. The morning light enhances the architectural lines, while the distance from the shopping streets allows you to experience the city's everyday life in a more serene setting.<\/p><p class=\"p1\"><strong>Ano Mera, the mykoniate hinterland<\/strong><\/p><p class=\"p1\">Located in the centre of the island, around eight kilometres from Chora, Ano Mera is the second largest village on Mykonos. Far from the hustle and bustle of the coastline, it offers a more traditional atmosphere. Village life revolves around a large central square lined with tavernas and caf\u00e9s.<\/p><p class=\"p1\"><strong>The monastery of Panagia Tourliani<\/strong><\/p><p class=\"p1\">Founded in 1542, the Panagia Tourliani monastery dominates the main square. It houses a remarkable church, of which the Baroque iconostasis in carved wood, made in Florence in the 18th century, is one of the most notable features. A small ecclesiastical museum completes the visit.<\/p><p class=\"p1\"><strong>Local life and gastronomy<\/strong><\/p><p class=\"p1\">Ano Mera is renowned for its family-run taverns, where the cuisine is based on traditional recipes and local produce. Grilled and stewed dishes play an important role, offering a more rural approach to Mykonian cuisine.<\/p><h3 class=\"p1\">The unspoilt beaches of Mykonos<\/h3><p class=\"p1\"><strong>Another coastline to discover<\/strong><\/p><p class=\"p1\">While the south of the island is known for its lively beaches, the north coast has wilder landscapes, exposed to the Meltemi wind. These beaches offer a more natural and less developed setting.<\/p><p class=\"p1\">Some beaches to check out<\/p><ul><li class=\"p1\"><span style=\"text-decoration: underline;\">Agios Sostis<\/span> A sandy beach that has been deliberately left without fixed facilities.<\/li><li class=\"p2\"><span style=\"text-decoration: underline;\">Fokos and Mersini<\/span> Two neighbouring beaches accessible via a track, appreciated for their seclusion.<\/li><li class=\"p2\"><span style=\"text-decoration: underline;\">Kapari<\/span> A discreet cove near Agios Ioannis, overlooking the island of Delos.<\/li><li class=\"p2\"><span style=\"text-decoration: underline;\">Lia<\/span> Beach: quieter than the southern beaches, partially developed and suitable for snorkelling.<\/li><\/ul><p><strong>Mykonos, a more complete view of the island<\/strong><\/p><p class=\"p1\">Looking beyond the clich\u00e9s to Mykonos reveals its full diversity. With its historical heritage, Cycladic architecture, unspoilt villages and wilder coastline, Mykonos is a destination that is sure to please.<\/p>\t\t<\/div>\r\n\t\t\t\t\t<\/div>\n\t\t\t\t<\/div>\n\t\t\t\t<\/div>\n\t\t\t\t\t<\/div>\n\t\t\t\t<\/div>\n\t\t<div class=\"elementor-element elementor-element-e0509bc e-flex e-con-boxed tm-col-stretched-none tm-bg-color-over-image e-con e-parent\" data-id=\"e0509bc\" data-element_type=\"container\" data-e-type=\"container\" data-settings=\"{&quot;background_background&quot;:&quot;classic&quot;}\">\n\t\t\t\t\t<div class=\"e-con-inner\">\n\t\t<div class=\"elementor-element elementor-element-3932d8e e-con-full e-flex tm-col-stretched-none tm-bg-color-over-image e-con e-child\" data-id=\"3932d8e\" data-element_type=\"container\" data-e-type=\"container\">\n\t\t<div class=\"elementor-element elementor-element-7fb8a7bf e-con-full tm-col-stretched-none e-flex tm-bg-color-over-image e-con e-child\" data-id=\"7fb8a7bf\" data-element_type=\"container\" data-e-type=\"container\">\n\t\t\t\t<div class=\"elementor-element elementor-element-2348d3e4 elementor-view-default elementor-widget elementor-widget-icon\" data-id=\"2348d3e4\" data-element_type=\"widget\" data-e-type=\"widget\" data-widget_type=\"icon.default\">\n\t\t\t\t<div class=\"elementor-widget-container\">\n\t\t\t\t\t\t\t<div class=\"elementor-icon-wrapper\">\n\t\t\t<div class=\"elementor-icon\">\n\t\t\t<svg xmlns=\"http:\/\/www.w3.org\/2000\/svg\" id=\"Maquette\" width=\"87.12\" height=\"142.3\" viewbox=\"0 0 87.12 142.3\"><g><g><path d=\"M1.88,69.13v-26.51C1.88,20.51,19.58,2.49,41.55,1.88V0C18.54.61,0,19.47,0,42.62v26.51h1.88Z\" style=\"fill: #a98450;\"><\/path><path d=\"M45.58,1.88c21.97.61,39.66,18.63,39.66,40.74v26.51h1.88v-26.51C87.12,19.47,68.58.61,45.58,0v1.88Z\" style=\"fill: #a98450;\"><\/path><path d=\"M85.24,73.17v26.51c0,22.11-17.7,40.13-39.66,40.74v1.88c23.01-.61,41.55-19.47,41.55-42.62v-26.51h-1.88Z\" style=\"fill: #a98450;\"><\/path><path d=\"M41.55,140.41c-21.97-.61-39.66-18.63-39.66-40.74v-26.51H0v26.51c0,23.15,18.54,42.01,41.55,42.62v-1.88Z\" style=\"fill: #a98450;\"><\/path><\/g><g><path d=\"M5.18,69.13v-26.38C5.18,22.4,21.37,5.8,41.55,5.05v-.81C20.93,4.99,4.37,21.95,4.37,42.75v26.38h.81Z\" style=\"fill: #a98450;\"><\/path><path d=\"M45.58,5.05c20.17.75,36.37,17.35,36.37,37.7v26.38h.81v-26.38c0-20.8-16.55-37.76-37.17-38.51v.81Z\" style=\"fill: #a98450;\"><\/path><path d=\"M41.55,137.25c-20.17-.75-36.36-17.35-36.36-37.7v-26.38h-.81v26.38c0,20.8,16.55,37.76,37.17,38.51v-.81Z\" style=\"fill: #a98450;\"><\/path><path d=\"M81.94,73.17v26.38c0,20.35-16.19,36.95-36.37,37.7v.81c20.62-.75,37.17-17.71,37.17-38.51v-26.38h-.81Z\" style=\"fill: #a98450;\"><\/path><\/g><\/g><g><path d=\"M45.48,109.63v-3.55h9.08v-3.83h-9.08v-32.98h4.79v-3.83h-4.79v-9.39h.16c5.53-.46,8.58-2.91,8.58-6.92v-.85c0-2.63-1.73-5.9-9.97-6.55-2.37-.16-6.77-.46-6.77-3.52v-.25c0-.81.43-3.45,5.92-3.45s6.13,2.88,6.23,4.12l.04.61h3.87v-.75c0-3.44-2.66-7.46-10.15-7.46-6.29,0-9.9,2.5-9.9,6.86v.74c0,3.95,3.42,6.25,10.15,6.83,3.07.2,6.59.75,6.59,3.23v.25c0,2.32-2.4,3.7-6.42,3.7-4.59,0-6.98-2.26-6.98-4.49,0-.05.07-1.04.96-1.96-1.5-.45-2.67-1.07-3.56-1.83-.87,1.04-1.34,2.28-1.34,3.73v.5c0,3.92,3.3,6.75,8.6,7.4l.15.02v9.42h-4.79v3.83h4.79v49.17h3.83v-4.98h13.34v-3.83h-13.34Z\" style=\"fill: #a98450;\"><\/path><path d=\"M43.56,24.14c-10.72,0-19.43,8.72-19.43,19.43,0,9.11,6.2,16.81,14.94,18.87v-4c-6.5-1.97-11.11-7.97-11.11-14.87,0-8.6,7-15.6,15.6-15.6s15.6,7,15.6,15.6c0,6.9-4.61,12.91-11.11,14.87v4c8.62-2.06,14.95-9.91,14.95-18.87,0-10.72-8.72-19.43-19.43-19.43Z\" style=\"fill: #a98450;\"><\/path><\/g><\/svg>\t\t\t<\/div>\n\t\t<\/div>\n\t\t\t\t\t\t<\/div>\n\t\t\t\t<\/div>\n\t\t\t\t<div class=\"elementor-element elementor-element-70c4a013 horizontal-line-align-left vertical-line-align-bottom elementor-invisible elementor-widget elementor-widget-tm-ele-section-title\" data-id=\"70c4a013\" data-element_type=\"widget\" data-e-type=\"widget\" data-settings=\"{&quot;_animation&quot;:&quot;fadeInUp&quot;}\" data-widget_type=\"tm-ele-section-title.default\">\n\t\t\t\t<div class=\"elementor-widget-container\">\n\t\t\t\t\t<div class=\"tm-sc-section-title section-title line-both-side-current-theme\">\r\n\t<div class=\"title-wrapper\">\r\n\t\t\t\t\r\n\r\n<div class=\"sub-title-outer\">\r\n\t<\/div>\t\t\t<h2 class=\"title tm-split-text split-in-right\">\r\n\r\n\t\t\r\n\t\t\t\t<span class=\"title-part1\">A tailor-made experience, designed for you<\/span>\r\n\t\t\t\t\r\n\t\t\r\n\t<\/h2>\r\n\t<div class=\"title-seperator-line\"><\/div>\t\t\t\t\t\t<div class=\"paragraph\">\r\n\t\t<p class=\"p1\">We don't just list properties, we carefully select them.<br \/>Only those who meet our high standards are selected.<br \/>With S\u00e9jour Priv\u00e9, you are guaranteed a quality choice.<\/p>\t<\/div>\r\n\t\t<\/div>\r\n<\/div>\t\t\t\t<\/div>\n\t\t\t\t<\/div>\n\t\t\t\t<\/div>\n\t\t\t\t<\/div>\n\t\t\t\t\t<\/div>\n\t\t\t\t<\/div>\n\t\t<div class=\"elementor-element elementor-element-24d5892a e-flex e-con-boxed tm-col-stretched-none tm-bg-color-over-image e-con e-parent\" data-id=\"24d5892a\" data-element_type=\"container\" data-e-type=\"container\" data-settings=\"{&quot;background_background&quot;:&quot;classic&quot;}\">\n\t\t\t\t\t<div class=\"e-con-inner\">\n\t\t<div class=\"elementor-element elementor-element-7338114d e-con-full e-flex tm-col-stretched-none tm-bg-color-over-image e-con e-child\" data-id=\"7338114d\" data-element_type=\"container\" data-e-type=\"container\">\n\t\t<div class=\"elementor-element elementor-element-1e2cf947 e-con-full e-flex tm-col-stretched-none tm-bg-color-over-image e-con e-child\" data-id=\"1e2cf947\" data-element_type=\"container\" data-e-type=\"container\">\n\t\t<div class=\"elementor-element elementor-element-a7bed0d e-con-full tm-col-stretched-none e-flex tm-bg-color-over-image e-con e-child\" data-id=\"a7bed0d\" data-element_type=\"container\" data-e-type=\"container\">\n\t\t\t\t<div class=\"elementor-element elementor-element-57ee0512 horizontal-line-align-left vertical-line-align-bottom elementor-invisible elementor-widget elementor-widget-tm-ele-section-title\" data-id=\"57ee0512\" data-element_type=\"widget\" data-e-type=\"widget\" data-settings=\"{&quot;_animation&quot;:&quot;fadeInUp&quot;}\" data-widget_type=\"tm-ele-section-title.default\">\n\t\t\t\t<div class=\"elementor-widget-container\">\n\t\t\t\t\t<div class=\"tm-sc-section-title section-title line-both-side-current-theme\">\r\n\t<div class=\"title-wrapper\">\r\n\t\t\t\t\r\n\r\n<div class=\"sub-title-outer\">\r\n\t\t<div class=\"subtitle\">\r\n\r\n\t\t\r\n\t\tTravel guide\t<\/div>\r\n\t<\/div>\t\t\t<h2 class=\"title tm-split-text split-in-right\">\r\n\r\n\t\t\r\n\t\t\t\t<span class=\"title-part1\">Find out more<\/span>\r\n\t\t\t\t\r\n\t\t\r\n\t<\/h2>\r\n\t<div class=\"title-seperator-line\"><\/div>\t\t\t\t\t\t<\/div>\r\n<\/div>\t\t\t\t<\/div>\n\t\t\t\t<\/div>\n\t\t\t\t<\/div>\n\t\t<div class=\"elementor-element elementor-element-4740d9b7 e-con-full tm-col-stretched-none e-flex tm-bg-color-over-image e-con e-child\" data-id=\"4740d9b7\" data-element_type=\"container\" data-e-type=\"container\">\n\t\t\t\t<div class=\"elementor-element elementor-element-633718c2 elementor-invisible elementor-widget elementor-widget-tm-ele-blog\" data-id=\"633718c2\" data-element_type=\"widget\" data-e-type=\"widget\" data-settings=\"{&quot;_animation&quot;:&quot;fadeInUp&quot;}\" data-widget_type=\"tm-ele-blog.skin-style-current-theme1\">\n\t\t\t\t<div class=\"elementor-widget-container\">\n\t\t\t\t\t\t<div class=\"tm-sc-blog tm-sc-blog-grid\">\r\n\t\t\r\n\t\r\n\t\t<!-- Isotope Gallery Grid -->\r\n\t\t<div id=\"blog-holder-371836\" class=\"isotope-layout grid-3 gutter-10 clearfix\">\r\n\t\t\t<div class=\"isotope-layout-inner\">\r\n\r\n\t\t\t\t<!-- the loop -->\r\n\t\t\t\t\t\t\t\t\t\t\t\t\t\t\t\t<div class=\"isotope-item carnet-de-voyage\">\r\n\t\t\t\t\t<div class=\"isotope-item-inner\" data-wow-delay=\"\">\r\n\t\t\t\t\t\t<article class=\"post-25837 post type-post status-publish format-standard has-post-thumbnail hentry category-carnet-de-voyage\">\r\n\t<!-- News Block -->\r\n<div class=\"blog-item-current-style1\">\r\n  <div class=\"inner-box\">\r\n    <div class=\"entry-header\">\r\n      <div class=\"thumb\">\r\n        <div class=\"post-thumb lightgallery-lightbox\">\r\n\t\r\n\t<div class=\"post-thumb-inner\">\r\n\t\t<div class=\"thumb\">\r\n\t\t\t<img loading=\"lazy\" decoding=\"async\" src=\"https:\/\/www.sejourprive.com\/wp-content\/uploads\/2026\/02\/Sejour-Prive_Dubai-en-famille_sejourner-dans-lexception_IMG-1-672x448.jpg\" width=\"672\" height=\"448\" alt=\"Duba\u00ef en famille : s\u00e9journer dans l\u2019exception\"\/>\r\n\t\t<\/div>\r\n\t<\/div>\r\n\t<\/div>        <div class=\"post-thumb lightgallery-lightbox\">\r\n\t\r\n\t<div class=\"post-thumb-inner\">\r\n\t\t<div class=\"thumb\">\r\n\t\t\t<img loading=\"lazy\" decoding=\"async\" src=\"https:\/\/www.sejourprive.com\/wp-content\/uploads\/2026\/02\/Sejour-Prive_Dubai-en-famille_sejourner-dans-lexception_IMG-1-672x448.jpg\" width=\"672\" height=\"448\" alt=\"Duba\u00ef en famille : s\u00e9journer dans l\u2019exception\"\/>\r\n\t\t<\/div>\r\n\t<\/div>\r\n\t<\/div>      <\/div>\r\n\r\n              \t\t      <\/div>\r\n    <div class=\"entry-content\">\r\n\r\n              \t<ul class=\"entry-meta list-inline\">\r\n\t\t\t<li class=\"list-inline-item posted-date\"><i class=\"fa fa-calendar-o\"><\/i> <a href=\"https:\/\/www.sejourprive.com\/en\/dubai-en-famille-sejourner-dans-lexception\/\" rel=\"bookmark\"><time class=\"entry-date published updated\" datetime=\"2026-02-05T09:00:10+01:00\">5 February 2026<\/time><\/a><\/li>\r\n\t\t\t\t<li class=\"list-inline-item categories\"><i class=\"fa fa-folder-o\"><\/i> \t\t\t<span class=\"categories-links\"><a href=\"https:\/\/www.sejourprive.com\/en\/category\/carnet-de-voyage\/\" rel=\"category tag\">Travel guide<\/a><\/span>\r\n        <\/li>\r\n\t\t<\/ul>\r\n\t      \r\n              <h4 class=\"entry-title\"><a href=\"https:\/\/www.sejourprive.com\/en\/dubai-en-famille-sejourner-dans-lexception\/\" rel=\"bookmark\">Dubai as a family: an exceptional stay<\/a><\/h4>      \r\n      \r\n          <\/div>\r\n  <\/div>\r\n<\/div><\/article>\t\t\t\t\t<\/div>\r\n\t\t\t\t<\/div>\r\n\t\t\t\t\t\t\t\t\t\t\t\t\t\t\t\t<div class=\"isotope-item carnet-de-voyage\">\r\n\t\t\t\t\t<div class=\"isotope-item-inner\" data-wow-delay=\"\">\r\n\t\t\t\t\t\t<article class=\"post-25819 post type-post status-publish format-standard has-post-thumbnail hentry category-carnet-de-voyage\">\r\n\t<!-- News Block -->\r\n<div class=\"blog-item-current-style1\">\r\n  <div class=\"inner-box\">\r\n    <div class=\"entry-header\">\r\n      <div class=\"thumb\">\r\n        <div class=\"post-thumb lightgallery-lightbox\">\r\n\t\r\n\t<div class=\"post-thumb-inner\">\r\n\t\t<div class=\"thumb\">\r\n\t\t\t<img loading=\"lazy\" decoding=\"async\" src=\"https:\/\/www.sejourprive.com\/wp-content\/uploads\/2026\/02\/Sejour-Prive_Riviera-Suisse_IMG-1-672x448.jpg\" width=\"672\" height=\"448\" alt=\"La Riviera suisse, l\u2019un des secrets les mieux gard\u00e9s d\u2019Europe\"\/>\r\n\t\t<\/div>\r\n\t<\/div>\r\n\t<\/div>        <div class=\"post-thumb lightgallery-lightbox\">\r\n\t\r\n\t<div class=\"post-thumb-inner\">\r\n\t\t<div class=\"thumb\">\r\n\t\t\t<img loading=\"lazy\" decoding=\"async\" src=\"https:\/\/www.sejourprive.com\/wp-content\/uploads\/2026\/02\/Sejour-Prive_Riviera-Suisse_IMG-1-672x448.jpg\" width=\"672\" height=\"448\" alt=\"La Riviera suisse, l\u2019un des secrets les mieux gard\u00e9s d\u2019Europe\"\/>\r\n\t\t<\/div>\r\n\t<\/div>\r\n\t<\/div>      <\/div>\r\n\r\n              \t\t      <\/div>\r\n    <div class=\"entry-content\">\r\n\r\n              \t<ul class=\"entry-meta list-inline\">\r\n\t\t\t<li class=\"list-inline-item posted-date\"><i class=\"fa fa-calendar-o\"><\/i> <a href=\"https:\/\/www.sejourprive.com\/en\/la-riviera-suisse-lun-des-secrets-les-mieux-gardes-deurope\/\" rel=\"bookmark\"><time class=\"entry-date published updated\" datetime=\"2026-02-05T08:56:40+01:00\">5 February 2026<\/time><\/a><\/li>\r\n\t\t\t\t<li class=\"list-inline-item categories\"><i class=\"fa fa-folder-o\"><\/i> \t\t\t<span class=\"categories-links\"><a href=\"https:\/\/www.sejourprive.com\/en\/category\/carnet-de-voyage\/\" rel=\"category tag\">Travel guide<\/a><\/span>\r\n        <\/li>\r\n\t\t<\/ul>\r\n\t      \r\n              <h4 class=\"entry-title\"><a href=\"https:\/\/www.sejourprive.com\/en\/la-riviera-suisse-lun-des-secrets-les-mieux-gardes-deurope\/\" rel=\"bookmark\">The Swiss Riviera, one of Europe's best-kept secrets<\/a><\/h4>      \r\n      \r\n          <\/div>\r\n  <\/div>\r\n<\/div><\/article>\t\t\t\t\t<\/div>\r\n\t\t\t\t<\/div>\r\n\t\t\t\t\t\t\t\t\t\t\t\t\t\t\t\t<div class=\"isotope-item carnet-de-voyage\">\r\n\t\t\t\t\t<div class=\"isotope-item-inner\" data-wow-delay=\"\">\r\n\t\t\t\t\t\t<article class=\"post-25827 post type-post status-publish format-standard has-post-thumbnail hentry category-carnet-de-voyage\">\r\n\t<!-- News Block -->\r\n<div class=\"blog-item-current-style1\">\r\n  <div class=\"inner-box\">\r\n    <div class=\"entry-header\">\r\n      <div class=\"thumb\">\r\n        <div class=\"post-thumb lightgallery-lightbox\">\r\n\t\r\n\t<div class=\"post-thumb-inner\">\r\n\t\t<div class=\"thumb\">\r\n\t\t\t<img loading=\"lazy\" decoding=\"async\" src=\"https:\/\/www.sejourprive.com\/wp-content\/uploads\/2026\/02\/Sejour-Prive_Des-plages-presque-secretes-sur-la-Cote-dAzur_IMG-1-672x448.jpg\" width=\"672\" height=\"448\" alt=\"Des plages (presque) secr\u00e8tes sur la C\u00f4te d\u2019Azur\"\/>\r\n\t\t<\/div>\r\n\t<\/div>\r\n\t<\/div>        <div class=\"post-thumb lightgallery-lightbox\">\r\n\t\r\n\t<div class=\"post-thumb-inner\">\r\n\t\t<div class=\"thumb\">\r\n\t\t\t<img loading=\"lazy\" decoding=\"async\" src=\"https:\/\/www.sejourprive.com\/wp-content\/uploads\/2026\/02\/Sejour-Prive_Des-plages-presque-secretes-sur-la-Cote-dAzur_IMG-1-672x448.jpg\" width=\"672\" height=\"448\" alt=\"Des plages (presque) secr\u00e8tes sur la C\u00f4te d\u2019Azur\"\/>\r\n\t\t<\/div>\r\n\t<\/div>\r\n\t<\/div>      <\/div>\r\n\r\n              \t\t      <\/div>\r\n    <div class=\"entry-content\">\r\n\r\n              \t<ul class=\"entry-meta list-inline\">\r\n\t\t\t<li class=\"list-inline-item posted-date\"><i class=\"fa fa-calendar-o\"><\/i> <a href=\"https:\/\/www.sejourprive.com\/en\/des-plages-presque-secretes-sur-la-cote-dazur\/\" rel=\"bookmark\"><time class=\"entry-date published updated\" datetime=\"2026-02-04T17:07:19+01:00\">4 February 2026<\/time><\/a><\/li>\r\n\t\t\t\t<li class=\"list-inline-item categories\"><i class=\"fa fa-folder-o\"><\/i> \t\t\t<span class=\"categories-links\"><a href=\"https:\/\/www.sejourprive.com\/en\/category\/carnet-de-voyage\/\" rel=\"category tag\">Travel guide<\/a><\/span>\r\n        <\/li>\r\n\t\t<\/ul>\r\n\t      \r\n              <h4 class=\"entry-title\"><a href=\"https:\/\/www.sejourprive.com\/en\/des-plages-presque-secretes-sur-la-cote-dazur\/\" rel=\"bookmark\">(Almost) secret beaches on the C\u00f4te d'Azur<\/a><\/h4>      \r\n      \r\n          <\/div>\r\n  <\/div>\r\n<\/div><\/article>\t\t\t\t\t<\/div>\r\n\t\t\t\t<\/div>\r\n\t\t\t\t\t\t\t\t<!-- end of the loop -->\r\n\t\t\t<\/div>\r\n\t\t<\/div>\r\n\t\t\t<\/div>\r\n\r\n\r\n\t\t\t\t<\/div>\n\t\t\t\t<\/div>\n\t\t\t\t<\/div>\n\t\t\t\t<\/div>\n\t\t\t\t<\/div>\n\t\t\t\t\t<\/div>\n\t\t\t\t<\/div>\n\t\t<div class=\"elementor-element elementor-element-538d2150 e-con-full e-flex e-con e-parent\" data-id=\"538d2150\" data-element_type=\"container\" data-e-type=\"container\">\n\t\t<div class=\"elementor-element elementor-element-2389a3eb e-con-full e-flex tm-col-stretched-none e-con e-child\" data-id=\"2389a3eb\" data-element_type=\"container\" data-e-type=\"container\">\n\t\t<div class=\"elementor-element elementor-element-639a1bae e-con-full e-flex tm-col-stretched-none e-con e-child\" data-id=\"639a1bae\" data-element_type=\"container\" data-e-type=\"container\">\n\t\t<div class=\"elementor-element elementor-element-35951d1a e-con-full e-flex tm-col-stretched-none e-con e-child\" data-id=\"35951d1a\" data-element_type=\"container\" data-e-type=\"container\">\n\t\t\t\t<div class=\"elementor-element elementor-element-5215565c horizontal-line-align-left vertical-line-align-bottom elementor-widget elementor-widget-tm-ele-section-title\" data-id=\"5215565c\" data-element_type=\"widget\" data-e-type=\"widget\" data-widget_type=\"tm-ele-section-title.default\">\n\t\t\t\t<div class=\"elementor-widget-container\">\n\t\t\t\t\t<div class=\"tm-sc-section-title section-title line-right-current-theme\">\r\n\t<div class=\"title-wrapper\">\r\n\t\t\t\t\r\n\r\n<div class=\"sub-title-outer\">\r\n\t<\/div>\t\t\t<h2 class=\"title tm-split-text split-in-right\">\r\n\r\n\t\t\r\n\t\t\t\t<span class=\"title-part1\">Looking for a unique holiday?<\/span>\r\n\t\t\t\t\r\n\t\t\r\n\t<\/h2>\r\n\t<div class=\"title-seperator-line\"><\/div>\t\t\t\t\t\t<\/div>\r\n<\/div>\t\t\t\t<\/div>\n\t\t\t\t<\/div>\n\t\t\t\t<div class=\"elementor-element elementor-element-55140ccd elementor-widget__width-initial elementor-widget elementor-widget-tm-ele-text-editor\" data-id=\"55140ccd\" data-element_type=\"widget\" data-e-type=\"widget\" data-widget_type=\"tm-ele-text-editor.default\">\n\t\t\t\t<div class=\"elementor-widget-container\">\n\t\t\t\t\t\t\t<div class=\"tm-text-editor\">\r\n\t\t<p class=\"tw-data-text tw-text-large tw-ta\" data-placeholder=\"Traduction\" id=\"tw-target-text\" data-ved=\"2ahUKEwjA64f4uMqMAxVwTqQEHU8ZORgQ3ewLegQICBAV\" dir=\"ltr\" aria-label=\"Translated text: Enter your request below and your onefinestay destination specialist will contact you to assist you.\"><span class=\"Y2IQFc\" lang=\"fr\">A S\u00e9jour Priv\u00e9 destination specialist will contact you and assist you.<\/span><\/p>\t\t<\/div>\r\n\t\t\t\t\t<\/div>\n\t\t\t\t<\/div>\n\t\t\t\t<div class=\"elementor-element elementor-element-1e0def11 elementor-widget elementor-widget-tm-ele-button\" data-id=\"1e0def11\" data-element_type=\"widget\" data-e-type=\"widget\" data-widget_type=\"tm-ele-button.default\">\n\t\t\t\t<div class=\"elementor-widget-container\">\n\t\t\t\t\t<div class=\"tm-sc-button btn-view-details\">\r\n\t<a  href=\"https:\/\/dev251.kodesolution.com\/hoteler\/about\/\"\r\n\t\t\t\t\t\tclass=\"btn btn-theme-colored1 btn-sm\">\r\n\r\n\r\n\t\t\r\n\t\t<span>\r\n\t\tGet in touch\t\t<\/span>\r\n\r\n\t\t\t<\/a>\r\n<\/div>\t\t\t\t<\/div>\n\t\t\t\t<\/div>\n\t\t\t\t<\/div>\n\t\t\t\t<\/div>\n\t\t<div class=\"elementor-element elementor-element-292866de e-con-full tm-col-stretched-none elementor-hidden-mobile e-flex e-con e-child\" data-id=\"292866de\" data-element_type=\"container\" data-e-type=\"container\" data-settings=\"{&quot;background_background&quot;:&quot;classic&quot;}\">\n\t\t\t\t<\/div>\n\t\t\t\t<\/div>\n\t\t\t\t<\/div>\n\t\t\t\t<\/div>","protected":false},"excerpt":{"rendered":"<p>Often reduced to its festive image, Mykonos nevertheless reveals a richer identity, shaped by history, Cycladic architecture and contrasting landscapes. Outside the high season, the island offers a quieter, more authentic face.<\/p>","protected":false},"author":2,"featured_media":20519,"comment_status":"closed","ping_status":"closed","sticky":false,"template":"elementor_header_footer","format":"standard","meta":{"_acf_changed":false,"footnotes":""},"categories":[1],"tags":[],"class_list":["post-20516","post","type-post","status-publish","format-standard","has-post-thumbnail","hentry","category-carnet-de-voyage"],"acf":[],"yoast_head":"<!-- This site is optimized with the Yoast SEO plugin v26.6 - https:\/\/yoast.com\/wordpress\/plugins\/seo\/ -->\n<title>S\u00e9jour Priv\u00e9 - Mykonos, au-del\u00e0 des clich\u00e9s<\/title>\n<meta name=\"description\" content=\"Souvent r\u00e9duite \u00e0 son image festive, Mykonos r\u00e9v\u00e8le pourtant une identit\u00e9 plus riche, fa\u00e7onn\u00e9e par l\u2019histoire, l\u2019architecture cycladique et des paysages contrast\u00e9s. En dehors de la haute saison, l\u2019\u00eele offre un visage plus calme et authentique.\" \/>\n<meta name=\"robots\" content=\"index, follow, max-snippet:-1, max-image-preview:large, max-video-preview:-1\" \/>\n<link rel=\"canonical\" href=\"https:\/\/www.sejourprive.com\/en\/mykonos-au-dela-des-cliches\/\" \/>\n<meta property=\"og:locale\" content=\"en_GB\" \/>\n<meta property=\"og:type\" content=\"article\" \/>\n<meta property=\"og:title\" content=\"S\u00e9jour Priv\u00e9 - Mykonos, au-del\u00e0 des clich\u00e9s\" \/>\n<meta property=\"og:description\" content=\"Souvent r\u00e9duite \u00e0 son image festive, Mykonos r\u00e9v\u00e8le pourtant une identit\u00e9 plus riche, fa\u00e7onn\u00e9e par l\u2019histoire, l\u2019architecture cycladique et des paysages contrast\u00e9s. En dehors de la haute saison, l\u2019\u00eele offre un visage plus calme et authentique.\" \/>\n<meta property=\"og:url\" content=\"https:\/\/www.sejourprive.com\/en\/mykonos-au-dela-des-cliches\/\" \/>\n<meta property=\"og:site_name\" content=\"S\u00e9jour Priv\u00e9\" \/>\n<meta property=\"article:published_time\" content=\"2025-06-26T12:46:18+00:00\" \/>\n<meta property=\"article:modified_time\" content=\"2026-03-02T10:19:13+00:00\" \/>\n<meta property=\"og:image\" content=\"https:\/\/www.sejourprive.com\/wp-content\/uploads\/2026\/01\/Sejour-Prive_Mykonos_IMG-1.jpg\" \/>\n\t<meta property=\"og:image:width\" content=\"1920\" \/>\n\t<meta property=\"og:image:height\" content=\"1080\" \/>\n\t<meta property=\"og:image:type\" content=\"image\/jpeg\" \/>\n<meta name=\"author\" content=\"bruno@sp\" \/>\n<meta name=\"twitter:card\" content=\"summary_large_image\" \/>\n<meta name=\"twitter:label1\" content=\"Written by\" \/>\n\t<meta name=\"twitter:data1\" content=\"bruno@sp\" \/>\n\t<meta name=\"twitter:label2\" content=\"Estimated reading time\" \/>\n\t<meta name=\"twitter:data2\" content=\"7 minutes\" \/>\n<script type=\"application\/ld+json\" class=\"yoast-schema-graph\">{\"@context\":\"https:\/\/schema.org\",\"@graph\":[{\"@type\":\"Article\",\"@id\":\"https:\/\/www.sejourprive.com\/mykonos-au-dela-des-cliches\/#article\",\"isPartOf\":{\"@id\":\"https:\/\/www.sejourprive.com\/mykonos-au-dela-des-cliches\/\"},\"author\":{\"name\":\"bruno@sp\",\"@id\":\"https:\/\/www.sejourprive.com\/#\/schema\/person\/c99953876991ca0127fc0b0f2002d556\"},\"headline\":\"Mykonos, au-del\u00e0 des clich\u00e9s\",\"datePublished\":\"2025-06-26T12:46:18+00:00\",\"dateModified\":\"2026-03-02T10:19:13+00:00\",\"mainEntityOfPage\":{\"@id\":\"https:\/\/www.sejourprive.com\/mykonos-au-dela-des-cliches\/\"},\"wordCount\":1130,\"publisher\":{\"@id\":\"https:\/\/www.sejourprive.com\/#organization\"},\"image\":{\"@id\":\"https:\/\/www.sejourprive.com\/mykonos-au-dela-des-cliches\/#primaryimage\"},\"thumbnailUrl\":\"https:\/\/www.sejourprive.com\/wp-content\/uploads\/2026\/01\/Sejour-Prive_Mykonos_IMG-1.jpg\",\"articleSection\":[\"Carnet de voyage\"],\"inLanguage\":\"en-GB\"},{\"@type\":\"WebPage\",\"@id\":\"https:\/\/www.sejourprive.com\/mykonos-au-dela-des-cliches\/\",\"url\":\"https:\/\/www.sejourprive.com\/mykonos-au-dela-des-cliches\/\",\"name\":\"S\u00e9jour Priv\u00e9 - Mykonos, au-del\u00e0 des clich\u00e9s\",\"isPartOf\":{\"@id\":\"https:\/\/www.sejourprive.com\/#website\"},\"primaryImageOfPage\":{\"@id\":\"https:\/\/www.sejourprive.com\/mykonos-au-dela-des-cliches\/#primaryimage\"},\"image\":{\"@id\":\"https:\/\/www.sejourprive.com\/mykonos-au-dela-des-cliches\/#primaryimage\"},\"thumbnailUrl\":\"https:\/\/www.sejourprive.com\/wp-content\/uploads\/2026\/01\/Sejour-Prive_Mykonos_IMG-1.jpg\",\"datePublished\":\"2025-06-26T12:46:18+00:00\",\"dateModified\":\"2026-03-02T10:19:13+00:00\",\"description\":\"Souvent r\u00e9duite \u00e0 son image festive, Mykonos r\u00e9v\u00e8le pourtant une identit\u00e9 plus riche, fa\u00e7onn\u00e9e par l\u2019histoire, l\u2019architecture cycladique et des paysages contrast\u00e9s. En dehors de la haute saison, l\u2019\u00eele offre un visage plus calme et authentique.\",\"breadcrumb\":{\"@id\":\"https:\/\/www.sejourprive.com\/mykonos-au-dela-des-cliches\/#breadcrumb\"},\"inLanguage\":\"en-GB\",\"potentialAction\":[{\"@type\":\"ReadAction\",\"target\":[\"https:\/\/www.sejourprive.com\/mykonos-au-dela-des-cliches\/\"]}]},{\"@type\":\"ImageObject\",\"inLanguage\":\"en-GB\",\"@id\":\"https:\/\/www.sejourprive.com\/mykonos-au-dela-des-cliches\/#primaryimage\",\"url\":\"https:\/\/www.sejourprive.com\/wp-content\/uploads\/2026\/01\/Sejour-Prive_Mykonos_IMG-1.jpg\",\"contentUrl\":\"https:\/\/www.sejourprive.com\/wp-content\/uploads\/2026\/01\/Sejour-Prive_Mykonos_IMG-1.jpg\",\"width\":1920,\"height\":1080},{\"@type\":\"BreadcrumbList\",\"@id\":\"https:\/\/www.sejourprive.com\/mykonos-au-dela-des-cliches\/#breadcrumb\",\"itemListElement\":[{\"@type\":\"ListItem\",\"position\":1,\"name\":\"Accueil\",\"item\":\"https:\/\/www.sejourprive.com\/\"},{\"@type\":\"ListItem\",\"position\":2,\"name\":\"Mykonos, au-del\u00e0 des clich\u00e9s\"}]},{\"@type\":\"WebSite\",\"@id\":\"https:\/\/www.sejourprive.com\/#website\",\"url\":\"https:\/\/www.sejourprive.com\/\",\"name\":\"S\u00e9jour Priv\u00e9\",\"description\":\"Nous imaginons pour vous des s\u00e9jours d\u2019exception.\",\"publisher\":{\"@id\":\"https:\/\/www.sejourprive.com\/#organization\"},\"potentialAction\":[{\"@type\":\"SearchAction\",\"target\":{\"@type\":\"EntryPoint\",\"urlTemplate\":\"https:\/\/www.sejourprive.com\/?s={search_term_string}\"},\"query-input\":{\"@type\":\"PropertyValueSpecification\",\"valueRequired\":true,\"valueName\":\"search_term_string\"}}],\"inLanguage\":\"en-GB\"},{\"@type\":\"Organization\",\"@id\":\"https:\/\/www.sejourprive.com\/#organization\",\"name\":\"S\u00e9jour Priv\u00e9\",\"url\":\"https:\/\/www.sejourprive.com\/\",\"logo\":{\"@type\":\"ImageObject\",\"inLanguage\":\"en-GB\",\"@id\":\"https:\/\/www.sejourprive.com\/#\/schema\/logo\/image\/\",\"url\":\"https:\/\/www.sejourprive.com\/wp-content\/uploads\/2026\/02\/SP-Apple-touch-144-couleur-1-2.png\",\"contentUrl\":\"https:\/\/www.sejourprive.com\/wp-content\/uploads\/2026\/02\/SP-Apple-touch-144-couleur-1-2.png\",\"width\":145,\"height\":145,\"caption\":\"S\u00e9jour Priv\u00e9\"},\"image\":{\"@id\":\"https:\/\/www.sejourprive.com\/#\/schema\/logo\/image\/\"}},{\"@type\":\"Person\",\"@id\":\"https:\/\/www.sejourprive.com\/#\/schema\/person\/c99953876991ca0127fc0b0f2002d556\",\"name\":\"bruno@sp\",\"url\":\"https:\/\/www.sejourprive.com\/en\/author\/brunosp\/\"}]}<\/script>\n<!-- \/ Yoast SEO plugin. -->","yoast_head_json":{"title":"S\u00e9jour Priv\u00e9 - Mykonos, au-del\u00e0 des clich\u00e9s","description":"Often reduced to its festive image, Mykonos nevertheless reveals a richer identity, shaped by history, Cycladic architecture and contrasting landscapes. Outside the high season, the island offers a quieter, more authentic face.","robots":{"index":"index","follow":"follow","max-snippet":"max-snippet:-1","max-image-preview":"max-image-preview:large","max-video-preview":"max-video-preview:-1"},"canonical":"https:\/\/www.sejourprive.com\/en\/mykonos-au-dela-des-cliches\/","og_locale":"en_GB","og_type":"article","og_title":"S\u00e9jour Priv\u00e9 - Mykonos, au-del\u00e0 des clich\u00e9s","og_description":"Souvent r\u00e9duite \u00e0 son image festive, Mykonos r\u00e9v\u00e8le pourtant une identit\u00e9 plus riche, fa\u00e7onn\u00e9e par l\u2019histoire, l\u2019architecture cycladique et des paysages contrast\u00e9s. En dehors de la haute saison, l\u2019\u00eele offre un visage plus calme et authentique.","og_url":"https:\/\/www.sejourprive.com\/en\/mykonos-au-dela-des-cliches\/","og_site_name":"S\u00e9jour Priv\u00e9","article_published_time":"2025-06-26T12:46:18+00:00","article_modified_time":"2026-03-02T10:19:13+00:00","og_image":[{"width":1920,"height":1080,"url":"https:\/\/www.sejourprive.com\/wp-content\/uploads\/2026\/01\/Sejour-Prive_Mykonos_IMG-1.jpg","type":"image\/jpeg"}],"author":"bruno@sp","twitter_card":"summary_large_image","twitter_misc":{"Written by":"bruno@sp","Estimated reading time":"7 minutes"},"schema":{"@context":"https:\/\/schema.org","@graph":[{"@type":"Article","@id":"https:\/\/www.sejourprive.com\/mykonos-au-dela-des-cliches\/#article","isPartOf":{"@id":"https:\/\/www.sejourprive.com\/mykonos-au-dela-des-cliches\/"},"author":{"name":"bruno@sp","@id":"https:\/\/www.sejourprive.com\/#\/schema\/person\/c99953876991ca0127fc0b0f2002d556"},"headline":"Mykonos, au-del\u00e0 des clich\u00e9s","datePublished":"2025-06-26T12:46:18+00:00","dateModified":"2026-03-02T10:19:13+00:00","mainEntityOfPage":{"@id":"https:\/\/www.sejourprive.com\/mykonos-au-dela-des-cliches\/"},"wordCount":1130,"publisher":{"@id":"https:\/\/www.sejourprive.com\/#organization"},"image":{"@id":"https:\/\/www.sejourprive.com\/mykonos-au-dela-des-cliches\/#primaryimage"},"thumbnailUrl":"https:\/\/www.sejourprive.com\/wp-content\/uploads\/2026\/01\/Sejour-Prive_Mykonos_IMG-1.jpg","articleSection":["Carnet de voyage"],"inLanguage":"en-GB"},{"@type":"WebPage","@id":"https:\/\/www.sejourprive.com\/mykonos-au-dela-des-cliches\/","url":"https:\/\/www.sejourprive.com\/mykonos-au-dela-des-cliches\/","name":"S\u00e9jour Priv\u00e9 - Mykonos, au-del\u00e0 des clich\u00e9s","isPartOf":{"@id":"https:\/\/www.sejourprive.com\/#website"},"primaryImageOfPage":{"@id":"https:\/\/www.sejourprive.com\/mykonos-au-dela-des-cliches\/#primaryimage"},"image":{"@id":"https:\/\/www.sejourprive.com\/mykonos-au-dela-des-cliches\/#primaryimage"},"thumbnailUrl":"https:\/\/www.sejourprive.com\/wp-content\/uploads\/2026\/01\/Sejour-Prive_Mykonos_IMG-1.jpg","datePublished":"2025-06-26T12:46:18+00:00","dateModified":"2026-03-02T10:19:13+00:00","description":"Often reduced to its festive image, Mykonos nevertheless reveals a richer identity, shaped by history, Cycladic architecture and contrasting landscapes. Outside the high season, the island offers a quieter, more authentic face.","breadcrumb":{"@id":"https:\/\/www.sejourprive.com\/mykonos-au-dela-des-cliches\/#breadcrumb"},"inLanguage":"en-GB","potentialAction":[{"@type":"ReadAction","target":["https:\/\/www.sejourprive.com\/mykonos-au-dela-des-cliches\/"]}]},{"@type":"ImageObject","inLanguage":"en-GB","@id":"https:\/\/www.sejourprive.com\/mykonos-au-dela-des-cliches\/#primaryimage","url":"https:\/\/www.sejourprive.com\/wp-content\/uploads\/2026\/01\/Sejour-Prive_Mykonos_IMG-1.jpg","contentUrl":"https:\/\/www.sejourprive.com\/wp-content\/uploads\/2026\/01\/Sejour-Prive_Mykonos_IMG-1.jpg","width":1920,"height":1080},{"@type":"BreadcrumbList","@id":"https:\/\/www.sejourprive.com\/mykonos-au-dela-des-cliches\/#breadcrumb","itemListElement":[{"@type":"ListItem","position":1,"name":"Accueil","item":"https:\/\/www.sejourprive.com\/"},{"@type":"ListItem","position":2,"name":"Mykonos, au-del\u00e0 des clich\u00e9s"}]},{"@type":"WebSite","@id":"https:\/\/www.sejourprive.com\/#website","url":"https:\/\/www.sejourprive.com\/","name":"Private Stay","description":"We design exceptional holidays for you.","publisher":{"@id":"https:\/\/www.sejourprive.com\/#organization"},"potentialAction":[{"@type":"SearchAction","target":{"@type":"EntryPoint","urlTemplate":"https:\/\/www.sejourprive.com\/?s={search_term_string}"},"query-input":{"@type":"PropertyValueSpecification","valueRequired":true,"valueName":"search_term_string"}}],"inLanguage":"en-GB"},{"@type":"Organization","@id":"https:\/\/www.sejourprive.com\/#organization","name":"Private Stay","url":"https:\/\/www.sejourprive.com\/","logo":{"@type":"ImageObject","inLanguage":"en-GB","@id":"https:\/\/www.sejourprive.com\/#\/schema\/logo\/image\/","url":"https:\/\/www.sejourprive.com\/wp-content\/uploads\/2026\/02\/SP-Apple-touch-144-couleur-1-2.png","contentUrl":"https:\/\/www.sejourprive.com\/wp-content\/uploads\/2026\/02\/SP-Apple-touch-144-couleur-1-2.png","width":145,"height":145,"caption":"S\u00e9jour Priv\u00e9"},"image":{"@id":"https:\/\/www.sejourprive.com\/#\/schema\/logo\/image\/"}},{"@type":"Person","@id":"https:\/\/www.sejourprive.com\/#\/schema\/person\/c99953876991ca0127fc0b0f2002d556","name":"bruno@sp","url":"https:\/\/www.sejourprive.com\/en\/author\/brunosp\/"}]}},"_links":{"self":[{"href":"https:\/\/www.sejourprive.com\/en\/wp-json\/wp\/v2\/posts\/20516","targetHints":{"allow":["GET"]}}],"collection":[{"href":"https:\/\/www.sejourprive.com\/en\/wp-json\/wp\/v2\/posts"}],"about":[{"href":"https:\/\/www.sejourprive.com\/en\/wp-json\/wp\/v2\/types\/post"}],"author":[{"embeddable":true,"href":"https:\/\/www.sejourprive.com\/en\/wp-json\/wp\/v2\/users\/2"}],"replies":[{"embeddable":true,"href":"https:\/\/www.sejourprive.com\/en\/wp-json\/wp\/v2\/comments?post=20516"}],"version-history":[{"count":0,"href":"https:\/\/www.sejourprive.com\/en\/wp-json\/wp\/v2\/posts\/20516\/revisions"}],"wp:featuredmedia":[{"embeddable":true,"href":"https:\/\/www.sejourprive.com\/en\/wp-json\/wp\/v2\/media\/20519"}],"wp:attachment":[{"href":"https:\/\/www.sejourprive.com\/en\/wp-json\/wp\/v2\/media?parent=20516"}],"wp:term":[{"taxonomy":"category","embeddable":true,"href":"https:\/\/www.sejourprive.com\/en\/wp-json\/wp\/v2\/categories?post=20516"},{"taxonomy":"post_tag","embeddable":true,"href":"https:\/\/www.sejourprive.com\/en\/wp-json\/wp\/v2\/tags?post=20516"}],"curies":[{"name":"wp","href":"https:\/\/api.w.org\/{rel}","templated":true}]}}