{"id":20104,"date":"2025-06-26T10:08:35","date_gmt":"2025-06-26T08:08:35","guid":{"rendered":"https:\/\/www.sejourprive.com\/?p=20104"},"modified":"2026-03-02T11:19:13","modified_gmt":"2026-03-02T10:19:13","slug":"paris-en-famille-lart-de-vivre-la-capitale-entre-culture-loisirs-et-decouvertes","status":"publish","type":"post","link":"https:\/\/www.sejourprive.com\/en\/paris-en-famille-lart-de-vivre-la-capitale-entre-culture-loisirs-et-decouvertes\/","title":{"rendered":"Paris with the family: the art of living in the capital through culture, leisure and discovery"},"content":{"rendered":"<div data-elementor-type=\"wp-post\" data-elementor-id=\"20104\" class=\"elementor elementor-20104\" data-elementor-post-type=\"post\">\n\t\t\t\t<div class=\"elementor-element elementor-element-1b6477de e-flex e-con-boxed tm-col-stretched-none tm-bg-color-over-image e-con e-parent\" data-id=\"1b6477de\" data-element_type=\"container\" data-e-type=\"container\" data-settings=\"{&quot;background_background&quot;:&quot;classic&quot;}\">\n\t\t\t\t\t<div class=\"e-con-inner\">\n\t\t<div class=\"elementor-element elementor-element-29a4fac4 e-con-full e-flex tm-col-stretched-none tm-bg-color-over-image e-con e-child\" data-id=\"29a4fac4\" data-element_type=\"container\" data-e-type=\"container\">\n\t\t\t\t<div class=\"elementor-element elementor-element-17d0f9e horizontal-line-align-left vertical-line-align-bottom elementor-widget elementor-widget-tm-ele-section-title\" data-id=\"17d0f9e\" data-element_type=\"widget\" data-e-type=\"widget\" data-widget_type=\"tm-ele-section-title.default\">\n\t\t\t\t<div class=\"elementor-widget-container\">\n\t\t\t\t\t<div class=\"tm-sc-section-title section-title\">\r\n\t<div class=\"title-wrapper\">\r\n\t\t\t\t\t\t\t<h1 class=\"title tm-split-text split-in-right\">\r\n\r\n\t\t\r\n\t\t\t\t<span class=\"title-part1\">Paris with the family: the art of living in the capital through culture, leisure and discovery<\/span>\r\n\t\t\t\t\r\n\t\t\r\n\t<\/h1>\r\n\t<div class=\"title-seperator-line\"><\/div>\t\t\t\t\t\t<\/div>\r\n<\/div>\t\t\t\t<\/div>\n\t\t\t\t<\/div>\n\t\t\t\t<div class=\"elementor-element elementor-element-2085817f elementor-align-center elementor-widget elementor-widget-post-info\" data-id=\"2085817f\" data-element_type=\"widget\" data-e-type=\"widget\" data-widget_type=\"post-info.default\">\n\t\t\t\t<div class=\"elementor-widget-container\">\n\t\t\t\t\t\t\t<ul class=\"elementor-icon-list-items elementor-post-info\">\n\t\t\t\t\t\t\t\t<li class=\"elementor-icon-list-item elementor-repeater-item-0e93a3f\" itemprop=\"datePublished\">\n\t\t\t\t\t\t\t\t\t\t\t\t\t<span class=\"elementor-icon-list-text elementor-post-info__item elementor-post-info__item--type-date\">\n\t\t\t\t\t\t\t\t\t\t<time>26\/06\/2025<\/time>\t\t\t\t\t<\/span>\n\t\t\t\t\t\t\t\t<\/li>\n\t\t\t\t<\/ul>\n\t\t\t\t\t\t<\/div>\n\t\t\t\t<\/div>\n\t\t\t\t<div class=\"elementor-element elementor-element-5277c3ea elementor-widget elementor-widget-image\" data-id=\"5277c3ea\" data-element_type=\"widget\" data-e-type=\"widget\" data-widget_type=\"image.default\">\n\t\t\t\t<div class=\"elementor-widget-container\">\n\t\t\t\t\t\t\t\t\t\t\t\t\t\t\t<img fetchpriority=\"high\" decoding=\"async\" width=\"1920\" height=\"1080\" src=\"https:\/\/www.sejourprive.com\/wp-content\/uploads\/2026\/01\/Sejour-Prive_Paris-en-famille_IMG-1.jpg\" class=\"attachment-full size-full wp-image-20260\" alt=\"\" srcset=\"https:\/\/www.sejourprive.com\/wp-content\/uploads\/2026\/01\/Sejour-Prive_Paris-en-famille_IMG-1.jpg 1920w, https:\/\/www.sejourprive.com\/wp-content\/uploads\/2026\/01\/Sejour-Prive_Paris-en-famille_IMG-1-300x169.jpg 300w, https:\/\/www.sejourprive.com\/wp-content\/uploads\/2026\/01\/Sejour-Prive_Paris-en-famille_IMG-1-1024x576.jpg 1024w, https:\/\/www.sejourprive.com\/wp-content\/uploads\/2026\/01\/Sejour-Prive_Paris-en-famille_IMG-1-768x432.jpg 768w, https:\/\/www.sejourprive.com\/wp-content\/uploads\/2026\/01\/Sejour-Prive_Paris-en-famille_IMG-1-1536x864.jpg 1536w, https:\/\/www.sejourprive.com\/wp-content\/uploads\/2026\/01\/Sejour-Prive_Paris-en-famille_IMG-1-18x10.jpg 18w, https:\/\/www.sejourprive.com\/wp-content\/uploads\/2026\/01\/Sejour-Prive_Paris-en-famille_IMG-1-600x338.jpg 600w\" sizes=\"255px\" data-kodelisting-lazy-load-sizes=\"(max-width: 1920px) 100vw, 1920px\" data-kodelisting-loading-image=\"on\" \/>\t\t\t\t\t\t\t\t\t\t\t\t\t\t\t<\/div>\n\t\t\t\t<\/div>\n\t\t\t\t<div class=\"elementor-element elementor-element-77e06cd2 elementor-widget__width-initial elementor-widget elementor-widget-tm-ele-text-editor\" data-id=\"77e06cd2\" data-element_type=\"widget\" data-e-type=\"widget\" data-widget_type=\"tm-ele-text-editor.default\">\n\t\t\t\t<div class=\"elementor-widget-container\">\n\t\t\t\t\t\t\t<div class=\"tm-text-editor\">\r\n\t\t<p class=\"p2\"><span class=\"s1\"> <\/span>Paris is more than just a tourist destination: it's an experience in its own right. A city of culture, creativity and the art of living, the French capital lends itself perfectly to a family holiday, as long as you master its codes. Between fun activities, cultural discoveries and moments of relaxation, Paris offers a subtle balance between children's enjoyment and parents' demands.<\/p><h3 class=\"p2\">When should you come to Paris with children? <b><\/b><\/h3><p class=\"p2\">You can discover Paris all year round, but certain periods are particularly good for families. The Easter and All Saints' holidays strike the right balance: pleasant temperatures, low crowds and a rich cultural programme. Gardens, the banks of the Seine and museums are a delight to explore.<\/p><p class=\"p2\">At Christmas, the city is transformed. Enchanting illuminations, animated department stores' windows and an almost cinematic atmosphere create a special enchantment for the youngest visitors. Summer, meanwhile, offers another luxury: the luxury of time. The long days give you plenty of time to stroll around, enjoy the parks, take a cruise on the Seine or take in the open-air shows, even if the museums sometimes take a break.<\/p><h3 class=\"p2\">Where to stay: the comfort of a Parisian flat <b><\/b><\/h3><p class=\"p2\">For families, the real luxury in Paris often lies in renting a flat. More than just accommodation, it's a way of living in the city. Generous space, separate bedrooms, a fully-equipped kitchen: everything you need to make your stay smooth and comfortable, with no time constraints.<\/p><p class=\"p2\">Preparing breakfast before setting off to explore the capital, improvising dinner after a busy day or giving the children a break in soothing surroundings: these details make all the difference. Available in every arrondissement in Paris and in well-served inner suburbs, character flats are often a more flexible alternative to traditional hotels.<\/p><h3 class=\"p2\">Paris, a cultural playground for young and old alike <b><\/b><\/h3><p class=\"p2\">The capital is full of cultural activities for children. A number of theme parks remain firm favourites: Disneyland Paris seduces little dreamers with its magical worlds, while Parc Ast\u00e9rix offers a fun and dynamic experience for all the family.<\/p><p class=\"p1\">Paris is also a city of museums designed to arouse the curiosity of the youngest visitors. The Palais de la D\u00e9couverte, the Cit\u00e9 des enfants at La Villette and Science Exp\u00e9riences offer interactive exhibitions to share with the whole family. The more unusual Mus\u00e9e Gr\u00e9vin guarantees an entertaining afternoon, while the Mus\u00e9e en Herbe introduces children to art through accessible and educational exhibitions. Finally, the Mus\u00e9e de l'Homme retraces the history of human evolution in a fun and captivating way.<\/p>\t\t<\/div>\r\n\t\t\t\t\t<\/div>\n\t\t\t\t<\/div>\n\t\t\t\t<div class=\"elementor-element elementor-element-7cd5a8cd elementor-widget elementor-widget-spacer\" data-id=\"7cd5a8cd\" data-element_type=\"widget\" data-e-type=\"widget\" data-widget_type=\"spacer.default\">\n\t\t\t\t<div class=\"elementor-widget-container\">\n\t\t\t\t\t\t\t<div class=\"elementor-spacer\">\n\t\t\t<div class=\"elementor-spacer-inner\"><\/div>\n\t\t<\/div>\n\t\t\t\t\t\t<\/div>\n\t\t\t\t<\/div>\n\t\t<div class=\"elementor-element elementor-element-6352bf3 e-flex e-con-boxed tm-col-stretched-none tm-bg-color-over-image e-con e-child\" data-id=\"6352bf3\" data-element_type=\"container\" data-e-type=\"container\">\n\t\t\t\t\t<div class=\"e-con-inner\">\n\t\t<div class=\"elementor-element elementor-element-556719eb e-con-full e-flex tm-col-stretched-none tm-bg-color-over-image e-con e-child\" data-id=\"556719eb\" data-element_type=\"container\" data-e-type=\"container\">\n\t\t\t\t<div class=\"elementor-element elementor-element-2350e67d elementor-widget elementor-widget-image\" data-id=\"2350e67d\" data-element_type=\"widget\" data-e-type=\"widget\" data-widget_type=\"image.default\">\n\t\t\t\t<div class=\"elementor-widget-container\">\n\t\t\t\t\t\t\t\t\t\t\t\t\t\t\t<img decoding=\"async\" width=\"809\" height=\"1080\" src=\"https:\/\/www.sejourprive.com\/wp-content\/uploads\/2026\/01\/Sejour-Prive_Paris-en-famille_IMG-2.jpg\" class=\"attachment-full size-full wp-image-20261\" alt=\"\" srcset=\"https:\/\/www.sejourprive.com\/wp-content\/uploads\/2026\/01\/Sejour-Prive_Paris-en-famille_IMG-2.jpg 809w, https:\/\/www.sejourprive.com\/wp-content\/uploads\/2026\/01\/Sejour-Prive_Paris-en-famille_IMG-2-225x300.jpg 225w, https:\/\/www.sejourprive.com\/wp-content\/uploads\/2026\/01\/Sejour-Prive_Paris-en-famille_IMG-2-767x1024.jpg 767w, https:\/\/www.sejourprive.com\/wp-content\/uploads\/2026\/01\/Sejour-Prive_Paris-en-famille_IMG-2-768x1025.jpg 768w, https:\/\/www.sejourprive.com\/wp-content\/uploads\/2026\/01\/Sejour-Prive_Paris-en-famille_IMG-2-9x12.jpg 9w, https:\/\/www.sejourprive.com\/wp-content\/uploads\/2026\/01\/Sejour-Prive_Paris-en-famille_IMG-2-600x801.jpg 600w\" sizes=\"255px\" data-kodelisting-lazy-load-sizes=\"(max-width: 809px) 100vw, 809px\" data-kodelisting-loading-image=\"on\" \/>\t\t\t\t\t\t\t\t\t\t\t\t\t\t\t<\/div>\n\t\t\t\t<\/div>\n\t\t\t\t<\/div>\n\t\t<div class=\"elementor-element elementor-element-7de93222 tm-col-stretched-none e-con-full e-flex tm-bg-color-over-image e-con e-child\" data-id=\"7de93222\" data-element_type=\"container\" data-e-type=\"container\">\n\t\t\t\t<div class=\"elementor-element elementor-element-44a6106e elementor-widget elementor-widget-image\" data-id=\"44a6106e\" data-element_type=\"widget\" data-e-type=\"widget\" data-widget_type=\"image.default\">\n\t\t\t\t<div class=\"elementor-widget-container\">\n\t\t\t\t\t\t\t\t\t\t\t\t\t\t\t<img decoding=\"async\" width=\"1024\" height=\"683\" src=\"https:\/\/www.sejourprive.com\/wp-content\/uploads\/2026\/01\/Sejour-Prive_Paris-en-famille_IMG-3-1024x683.jpg\" class=\"attachment-large size-large wp-image-20262\" alt=\"\" srcset=\"https:\/\/www.sejourprive.com\/wp-content\/uploads\/2026\/01\/Sejour-Prive_Paris-en-famille_IMG-3-1024x683.jpg 1024w, https:\/\/www.sejourprive.com\/wp-content\/uploads\/2026\/01\/Sejour-Prive_Paris-en-famille_IMG-3-300x200.jpg 300w, https:\/\/www.sejourprive.com\/wp-content\/uploads\/2026\/01\/Sejour-Prive_Paris-en-famille_IMG-3-768x512.jpg 768w, https:\/\/www.sejourprive.com\/wp-content\/uploads\/2026\/01\/Sejour-Prive_Paris-en-famille_IMG-3-1536x1024.jpg 1536w, https:\/\/www.sejourprive.com\/wp-content\/uploads\/2026\/01\/Sejour-Prive_Paris-en-famille_IMG-3-18x12.jpg 18w, https:\/\/www.sejourprive.com\/wp-content\/uploads\/2026\/01\/Sejour-Prive_Paris-en-famille_IMG-3-672x448.jpg 672w, https:\/\/www.sejourprive.com\/wp-content\/uploads\/2026\/01\/Sejour-Prive_Paris-en-famille_IMG-3-600x400.jpg 600w, https:\/\/www.sejourprive.com\/wp-content\/uploads\/2026\/01\/Sejour-Prive_Paris-en-famille_IMG-3.jpg 1920w\" sizes=\"255px\" data-kodelisting-lazy-load-sizes=\"(max-width: 1024px) 100vw, 1024px\" data-kodelisting-loading-image=\"on\" \/>\t\t\t\t\t\t\t\t\t\t\t\t\t\t\t<\/div>\n\t\t\t\t<\/div>\n\t\t\t\t<\/div>\n\t\t\t\t\t<\/div>\n\t\t\t\t<\/div>\n\t\t\t\t<div class=\"elementor-element elementor-element-206535df elementor-widget elementor-widget-spacer\" data-id=\"206535df\" data-element_type=\"widget\" data-e-type=\"widget\" data-widget_type=\"spacer.default\">\n\t\t\t\t<div class=\"elementor-widget-container\">\n\t\t\t\t\t\t\t<div class=\"elementor-spacer\">\n\t\t\t<div class=\"elementor-spacer-inner\"><\/div>\n\t\t<\/div>\n\t\t\t\t\t\t<\/div>\n\t\t\t\t<\/div>\n\t\t\t\t<div class=\"elementor-element elementor-element-3f8ce44e elementor-widget__width-initial elementor-widget elementor-widget-tm-ele-text-editor\" data-id=\"3f8ce44e\" data-element_type=\"widget\" data-e-type=\"widget\" data-widget_type=\"tm-ele-text-editor.default\">\n\t\t\t\t<div class=\"elementor-widget-container\">\n\t\t\t\t\t\t\t<div class=\"tm-text-editor\">\r\n\t\t<h3 class=\"p1\">Discover Paris differently: immersive experiences and shows <b><\/b><\/h3><p class=\"p1\">For a more immersive approach, Family Focus Tours Paris offers tours in the form of adventures and treasure hunts in iconic locations such as the Louvre, the Mus\u00e9e d'Orsay and the Ch\u00e2teau de Versailles. A fun and intelligent way to rediscover Paris's heritage, with tours available in French, English and Russian.<\/p><p class=\"p1\">Another original experience: <i>My First Cabaret <\/i>at the Paradis Latin. Designed by Kamel Ouali, this colourful show introduces children to the world of cabaret through a playful staging combining dance, music and visual effects. An original proposition, in the heart of Paris.<\/p><h3 class=\"p1\">Green spaces and promenades: the luxury of breathing <b><\/b><\/h3><p class=\"p1\">Paris can also be discovered under the open sky. The Parc Zoologique de Paris, the Bois de Boulogne and its playgrounds, and the capital's many gardens offer ideal green breaks for families. Cruises on the Seine are a must, allowing you to admire the city's most emblematic monuments while providing a moment's rest for younger visitors.<\/p><h3 class=\"p1\">The Grand Palais, a new landmark for families <b><\/b><\/h3><p class=\"p1\">The Grand Palais is now a must-see venue for families. Its Children's Centre welcomes 2-10 year olds to interactive and sensory exhibitions such as <i>Transparency<\/i>, designed to arouse curiosity. The Salon Seine, a real \u00abfamily HQ\u00bb, is a free, open space dedicated to play, creation and relaxation. Guided tours and creative workshops for 7-16 year olds complete the offer, transforming the discovery of art and science into an accessible and stimulating experience.<\/p><h3 class=\"p1\">Tailor-made holidays <b><\/b><\/h3><p class=\"p1\">In Paris, the premium experience is based on a controlled pace. Strolling around remains essential, but organising your day will help you avoid fatigue and frustration. Itineraries must be adapted to children's ages: you don't discover the capital from a distance.<\/p><p class=\"p1\">the same way with a toddler as with a teenager with a passion for history or art.<\/p><p class=\"p1\">Tailor-made programmes are available for stays of two, three or five days, with options for 0-6 year olds, 7-12 year olds and teenagers. A personalised approach that turns a family trip to Paris into a memorable break.<\/p><p class=\"p1\">Paris as a family is therefore a destination with many faces, capable of combining culture, leisure and shared moments without ever sacrificing comfort or the pleasure of discovery. By choosing the right periods, the right experiences and family-friendly accommodation, the capital becomes a lively and inspiring place to explore. A city that can be visited from a child's point of view, but can also be fully enjoyed by parents, to create lasting memories in the heart of one of the world's most beautiful capitals.<\/p>\t\t<\/div>\r\n\t\t\t\t\t<\/div>\n\t\t\t\t<\/div>\n\t\t\t\t<\/div>\n\t\t\t\t\t<\/div>\n\t\t\t\t<\/div>\n\t\t<div class=\"elementor-element elementor-element-340b153 e-flex e-con-boxed tm-col-stretched-none tm-bg-color-over-image e-con e-parent\" data-id=\"340b153\" data-element_type=\"container\" data-e-type=\"container\" data-settings=\"{&quot;background_background&quot;:&quot;classic&quot;}\">\n\t\t\t\t\t<div class=\"e-con-inner\">\n\t\t<div class=\"elementor-element elementor-element-89db214 e-con-full e-flex tm-col-stretched-none tm-bg-color-over-image e-con e-child\" data-id=\"89db214\" data-element_type=\"container\" data-e-type=\"container\">\n\t\t<div class=\"elementor-element elementor-element-ac48d22 e-con-full tm-col-stretched-none e-flex tm-bg-color-over-image e-con e-child\" data-id=\"ac48d22\" data-element_type=\"container\" data-e-type=\"container\">\n\t\t\t\t<div class=\"elementor-element elementor-element-e85e759 elementor-view-default elementor-widget elementor-widget-icon\" data-id=\"e85e759\" data-element_type=\"widget\" data-e-type=\"widget\" data-widget_type=\"icon.default\">\n\t\t\t\t<div class=\"elementor-widget-container\">\n\t\t\t\t\t\t\t<div class=\"elementor-icon-wrapper\">\n\t\t\t<div class=\"elementor-icon\">\n\t\t\t<svg xmlns=\"http:\/\/www.w3.org\/2000\/svg\" id=\"Maquette\" width=\"87.12\" height=\"142.3\" viewbox=\"0 0 87.12 142.3\"><g><g><path d=\"M1.88,69.13v-26.51C1.88,20.51,19.58,2.49,41.55,1.88V0C18.54.61,0,19.47,0,42.62v26.51h1.88Z\" style=\"fill: #a98450;\"><\/path><path d=\"M45.58,1.88c21.97.61,39.66,18.63,39.66,40.74v26.51h1.88v-26.51C87.12,19.47,68.58.61,45.58,0v1.88Z\" style=\"fill: #a98450;\"><\/path><path d=\"M85.24,73.17v26.51c0,22.11-17.7,40.13-39.66,40.74v1.88c23.01-.61,41.55-19.47,41.55-42.62v-26.51h-1.88Z\" style=\"fill: #a98450;\"><\/path><path d=\"M41.55,140.41c-21.97-.61-39.66-18.63-39.66-40.74v-26.51H0v26.51c0,23.15,18.54,42.01,41.55,42.62v-1.88Z\" style=\"fill: #a98450;\"><\/path><\/g><g><path d=\"M5.18,69.13v-26.38C5.18,22.4,21.37,5.8,41.55,5.05v-.81C20.93,4.99,4.37,21.95,4.37,42.75v26.38h.81Z\" style=\"fill: #a98450;\"><\/path><path d=\"M45.58,5.05c20.17.75,36.37,17.35,36.37,37.7v26.38h.81v-26.38c0-20.8-16.55-37.76-37.17-38.51v.81Z\" style=\"fill: #a98450;\"><\/path><path d=\"M41.55,137.25c-20.17-.75-36.36-17.35-36.36-37.7v-26.38h-.81v26.38c0,20.8,16.55,37.76,37.17,38.51v-.81Z\" style=\"fill: #a98450;\"><\/path><path d=\"M81.94,73.17v26.38c0,20.35-16.19,36.95-36.37,37.7v.81c20.62-.75,37.17-17.71,37.17-38.51v-26.38h-.81Z\" style=\"fill: #a98450;\"><\/path><\/g><\/g><g><path d=\"M45.48,109.63v-3.55h9.08v-3.83h-9.08v-32.98h4.79v-3.83h-4.79v-9.39h.16c5.53-.46,8.58-2.91,8.58-6.92v-.85c0-2.63-1.73-5.9-9.97-6.55-2.37-.16-6.77-.46-6.77-3.52v-.25c0-.81.43-3.45,5.92-3.45s6.13,2.88,6.23,4.12l.04.61h3.87v-.75c0-3.44-2.66-7.46-10.15-7.46-6.29,0-9.9,2.5-9.9,6.86v.74c0,3.95,3.42,6.25,10.15,6.83,3.07.2,6.59.75,6.59,3.23v.25c0,2.32-2.4,3.7-6.42,3.7-4.59,0-6.98-2.26-6.98-4.49,0-.05.07-1.04.96-1.96-1.5-.45-2.67-1.07-3.56-1.83-.87,1.04-1.34,2.28-1.34,3.73v.5c0,3.92,3.3,6.75,8.6,7.4l.15.02v9.42h-4.79v3.83h4.79v49.17h3.83v-4.98h13.34v-3.83h-13.34Z\" style=\"fill: #a98450;\"><\/path><path d=\"M43.56,24.14c-10.72,0-19.43,8.72-19.43,19.43,0,9.11,6.2,16.81,14.94,18.87v-4c-6.5-1.97-11.11-7.97-11.11-14.87,0-8.6,7-15.6,15.6-15.6s15.6,7,15.6,15.6c0,6.9-4.61,12.91-11.11,14.87v4c8.62-2.06,14.95-9.91,14.95-18.87,0-10.72-8.72-19.43-19.43-19.43Z\" style=\"fill: #a98450;\"><\/path><\/g><\/svg>\t\t\t<\/div>\n\t\t<\/div>\n\t\t\t\t\t\t<\/div>\n\t\t\t\t<\/div>\n\t\t\t\t<div class=\"elementor-element elementor-element-a6d005c horizontal-line-align-left vertical-line-align-bottom elementor-invisible elementor-widget elementor-widget-tm-ele-section-title\" data-id=\"a6d005c\" data-element_type=\"widget\" data-e-type=\"widget\" data-settings=\"{&quot;_animation&quot;:&quot;fadeInUp&quot;}\" data-widget_type=\"tm-ele-section-title.default\">\n\t\t\t\t<div class=\"elementor-widget-container\">\n\t\t\t\t\t<div class=\"tm-sc-section-title section-title line-both-side-current-theme\">\r\n\t<div class=\"title-wrapper\">\r\n\t\t\t\t\r\n\r\n<div class=\"sub-title-outer\">\r\n\t<\/div>\t\t\t<h2 class=\"title tm-split-text split-in-right\">\r\n\r\n\t\t\r\n\t\t\t\t<span class=\"title-part1\">A tailor-made experience, designed for you<\/span>\r\n\t\t\t\t\r\n\t\t\r\n\t<\/h2>\r\n\t<div class=\"title-seperator-line\"><\/div>\t\t\t\t\t\t<div class=\"paragraph\">\r\n\t\t<p class=\"p1\">We don't just list properties, we carefully select them.<br \/>Only those who meet our high standards are selected.<br \/>With S\u00e9jour Priv\u00e9, you are guaranteed a quality choice.<\/p>\t<\/div>\r\n\t\t<\/div>\r\n<\/div>\t\t\t\t<\/div>\n\t\t\t\t<\/div>\n\t\t\t\t<\/div>\n\t\t\t\t<\/div>\n\t\t\t\t\t<\/div>\n\t\t\t\t<\/div>\n\t\t<div class=\"elementor-element elementor-element-6c3056f e-flex e-con-boxed tm-col-stretched-none tm-bg-color-over-image e-con e-parent\" data-id=\"6c3056f\" data-element_type=\"container\" data-e-type=\"container\" data-settings=\"{&quot;background_background&quot;:&quot;classic&quot;}\">\n\t\t\t\t\t<div class=\"e-con-inner\">\n\t\t<div class=\"elementor-element elementor-element-1984498 e-con-full e-flex tm-col-stretched-none tm-bg-color-over-image e-con e-child\" data-id=\"1984498\" data-element_type=\"container\" data-e-type=\"container\">\n\t\t<div class=\"elementor-element elementor-element-e02b6d2 e-con-full e-flex tm-col-stretched-none tm-bg-color-over-image e-con e-child\" data-id=\"e02b6d2\" data-element_type=\"container\" data-e-type=\"container\">\n\t\t<div class=\"elementor-element elementor-element-f655901 e-con-full tm-col-stretched-none e-flex tm-bg-color-over-image e-con e-child\" data-id=\"f655901\" data-element_type=\"container\" data-e-type=\"container\">\n\t\t\t\t<div class=\"elementor-element elementor-element-a703896 horizontal-line-align-left vertical-line-align-bottom elementor-invisible elementor-widget elementor-widget-tm-ele-section-title\" data-id=\"a703896\" data-element_type=\"widget\" data-e-type=\"widget\" data-settings=\"{&quot;_animation&quot;:&quot;fadeInUp&quot;}\" data-widget_type=\"tm-ele-section-title.default\">\n\t\t\t\t<div class=\"elementor-widget-container\">\n\t\t\t\t\t<div class=\"tm-sc-section-title section-title line-both-side-current-theme\">\r\n\t<div class=\"title-wrapper\">\r\n\t\t\t\t\r\n\r\n<div class=\"sub-title-outer\">\r\n\t\t<div class=\"subtitle\">\r\n\r\n\t\t\r\n\t\tTravel guide\t<\/div>\r\n\t<\/div>\t\t\t<h2 class=\"title tm-split-text split-in-right\">\r\n\r\n\t\t\r\n\t\t\t\t<span class=\"title-part1\">Find out more<\/span>\r\n\t\t\t\t\r\n\t\t\r\n\t<\/h2>\r\n\t<div class=\"title-seperator-line\"><\/div>\t\t\t\t\t\t<\/div>\r\n<\/div>\t\t\t\t<\/div>\n\t\t\t\t<\/div>\n\t\t\t\t<\/div>\n\t\t<div class=\"elementor-element elementor-element-43de482 e-con-full tm-col-stretched-none e-flex tm-bg-color-over-image e-con e-child\" data-id=\"43de482\" data-element_type=\"container\" data-e-type=\"container\">\n\t\t\t\t<div class=\"elementor-element elementor-element-85e2f2c elementor-invisible elementor-widget elementor-widget-tm-ele-blog\" data-id=\"85e2f2c\" data-element_type=\"widget\" data-e-type=\"widget\" data-settings=\"{&quot;_animation&quot;:&quot;fadeInUp&quot;}\" data-widget_type=\"tm-ele-blog.skin-style-current-theme1\">\n\t\t\t\t<div class=\"elementor-widget-container\">\n\t\t\t\t\t\t<div class=\"tm-sc-blog tm-sc-blog-grid\">\r\n\t\t\r\n\t\r\n\t\t<!-- Isotope Gallery Grid -->\r\n\t\t<div id=\"blog-holder-814506\" class=\"isotope-layout grid-3 gutter-10 clearfix\">\r\n\t\t\t<div class=\"isotope-layout-inner\">\r\n\r\n\t\t\t\t<!-- the loop -->\r\n\t\t\t\t\t\t\t\t\t\t\t\t\t\t\t\t<div class=\"isotope-item carnet-de-voyage\">\r\n\t\t\t\t\t<div class=\"isotope-item-inner\" data-wow-delay=\"\">\r\n\t\t\t\t\t\t<article class=\"post-25837 post type-post status-publish format-standard has-post-thumbnail hentry category-carnet-de-voyage\">\r\n\t<!-- News Block -->\r\n<div class=\"blog-item-current-style1\">\r\n  <div class=\"inner-box\">\r\n    <div class=\"entry-header\">\r\n      <div class=\"thumb\">\r\n        <div class=\"post-thumb lightgallery-lightbox\">\r\n\t\r\n\t<div class=\"post-thumb-inner\">\r\n\t\t<div class=\"thumb\">\r\n\t\t\t<img loading=\"lazy\" decoding=\"async\" src=\"https:\/\/www.sejourprive.com\/wp-content\/uploads\/2026\/02\/Sejour-Prive_Dubai-en-famille_sejourner-dans-lexception_IMG-1-672x448.jpg\" width=\"672\" height=\"448\" alt=\"Duba\u00ef en famille : s\u00e9journer dans l\u2019exception\"\/>\r\n\t\t<\/div>\r\n\t<\/div>\r\n\t<\/div>        <div class=\"post-thumb lightgallery-lightbox\">\r\n\t\r\n\t<div class=\"post-thumb-inner\">\r\n\t\t<div class=\"thumb\">\r\n\t\t\t<img loading=\"lazy\" decoding=\"async\" src=\"https:\/\/www.sejourprive.com\/wp-content\/uploads\/2026\/02\/Sejour-Prive_Dubai-en-famille_sejourner-dans-lexception_IMG-1-672x448.jpg\" width=\"672\" height=\"448\" alt=\"Duba\u00ef en famille : s\u00e9journer dans l\u2019exception\"\/>\r\n\t\t<\/div>\r\n\t<\/div>\r\n\t<\/div>      <\/div>\r\n\r\n              \t\t      <\/div>\r\n    <div class=\"entry-content\">\r\n\r\n              \t<ul class=\"entry-meta list-inline\">\r\n\t\t\t<li class=\"list-inline-item posted-date\"><i class=\"fa fa-calendar-o\"><\/i> <a href=\"https:\/\/www.sejourprive.com\/en\/dubai-en-famille-sejourner-dans-lexception\/\" rel=\"bookmark\"><time class=\"entry-date published updated\" datetime=\"2026-02-05T09:00:10+01:00\">5 February 2026<\/time><\/a><\/li>\r\n\t\t\t\t<li class=\"list-inline-item categories\"><i class=\"fa fa-folder-o\"><\/i> \t\t\t<span class=\"categories-links\"><a href=\"https:\/\/www.sejourprive.com\/en\/category\/carnet-de-voyage\/\" rel=\"category tag\">Travel guide<\/a><\/span>\r\n        <\/li>\r\n\t\t<\/ul>\r\n\t      \r\n              <h4 class=\"entry-title\"><a href=\"https:\/\/www.sejourprive.com\/en\/dubai-en-famille-sejourner-dans-lexception\/\" rel=\"bookmark\">Dubai as a family: an exceptional stay<\/a><\/h4>      \r\n      \r\n          <\/div>\r\n  <\/div>\r\n<\/div><\/article>\t\t\t\t\t<\/div>\r\n\t\t\t\t<\/div>\r\n\t\t\t\t\t\t\t\t\t\t\t\t\t\t\t\t<div class=\"isotope-item carnet-de-voyage\">\r\n\t\t\t\t\t<div class=\"isotope-item-inner\" data-wow-delay=\"\">\r\n\t\t\t\t\t\t<article class=\"post-25819 post type-post status-publish format-standard has-post-thumbnail hentry category-carnet-de-voyage\">\r\n\t<!-- News Block -->\r\n<div class=\"blog-item-current-style1\">\r\n  <div class=\"inner-box\">\r\n    <div class=\"entry-header\">\r\n      <div class=\"thumb\">\r\n        <div class=\"post-thumb lightgallery-lightbox\">\r\n\t\r\n\t<div class=\"post-thumb-inner\">\r\n\t\t<div class=\"thumb\">\r\n\t\t\t<img loading=\"lazy\" decoding=\"async\" src=\"https:\/\/www.sejourprive.com\/wp-content\/uploads\/2026\/02\/Sejour-Prive_Riviera-Suisse_IMG-1-672x448.jpg\" width=\"672\" height=\"448\" alt=\"La Riviera suisse, l\u2019un des secrets les mieux gard\u00e9s d\u2019Europe\"\/>\r\n\t\t<\/div>\r\n\t<\/div>\r\n\t<\/div>        <div class=\"post-thumb lightgallery-lightbox\">\r\n\t\r\n\t<div class=\"post-thumb-inner\">\r\n\t\t<div class=\"thumb\">\r\n\t\t\t<img loading=\"lazy\" decoding=\"async\" src=\"https:\/\/www.sejourprive.com\/wp-content\/uploads\/2026\/02\/Sejour-Prive_Riviera-Suisse_IMG-1-672x448.jpg\" width=\"672\" height=\"448\" alt=\"La Riviera suisse, l\u2019un des secrets les mieux gard\u00e9s d\u2019Europe\"\/>\r\n\t\t<\/div>\r\n\t<\/div>\r\n\t<\/div>      <\/div>\r\n\r\n              \t\t      <\/div>\r\n    <div class=\"entry-content\">\r\n\r\n              \t<ul class=\"entry-meta list-inline\">\r\n\t\t\t<li class=\"list-inline-item posted-date\"><i class=\"fa fa-calendar-o\"><\/i> <a href=\"https:\/\/www.sejourprive.com\/en\/la-riviera-suisse-lun-des-secrets-les-mieux-gardes-deurope\/\" rel=\"bookmark\"><time class=\"entry-date published updated\" datetime=\"2026-02-05T08:56:40+01:00\">5 February 2026<\/time><\/a><\/li>\r\n\t\t\t\t<li class=\"list-inline-item categories\"><i class=\"fa fa-folder-o\"><\/i> \t\t\t<span class=\"categories-links\"><a href=\"https:\/\/www.sejourprive.com\/en\/category\/carnet-de-voyage\/\" rel=\"category tag\">Travel guide<\/a><\/span>\r\n        <\/li>\r\n\t\t<\/ul>\r\n\t      \r\n              <h4 class=\"entry-title\"><a href=\"https:\/\/www.sejourprive.com\/en\/la-riviera-suisse-lun-des-secrets-les-mieux-gardes-deurope\/\" rel=\"bookmark\">The Swiss Riviera, one of Europe's best-kept secrets<\/a><\/h4>      \r\n      \r\n          <\/div>\r\n  <\/div>\r\n<\/div><\/article>\t\t\t\t\t<\/div>\r\n\t\t\t\t<\/div>\r\n\t\t\t\t\t\t\t\t\t\t\t\t\t\t\t\t<div class=\"isotope-item carnet-de-voyage\">\r\n\t\t\t\t\t<div class=\"isotope-item-inner\" data-wow-delay=\"\">\r\n\t\t\t\t\t\t<article class=\"post-25827 post type-post status-publish format-standard has-post-thumbnail hentry category-carnet-de-voyage\">\r\n\t<!-- News Block -->\r\n<div class=\"blog-item-current-style1\">\r\n  <div class=\"inner-box\">\r\n    <div class=\"entry-header\">\r\n      <div class=\"thumb\">\r\n        <div class=\"post-thumb lightgallery-lightbox\">\r\n\t\r\n\t<div class=\"post-thumb-inner\">\r\n\t\t<div class=\"thumb\">\r\n\t\t\t<img loading=\"lazy\" decoding=\"async\" src=\"https:\/\/www.sejourprive.com\/wp-content\/uploads\/2026\/02\/Sejour-Prive_Des-plages-presque-secretes-sur-la-Cote-dAzur_IMG-1-672x448.jpg\" width=\"672\" height=\"448\" alt=\"Des plages (presque) secr\u00e8tes sur la C\u00f4te d\u2019Azur\"\/>\r\n\t\t<\/div>\r\n\t<\/div>\r\n\t<\/div>        <div class=\"post-thumb lightgallery-lightbox\">\r\n\t\r\n\t<div class=\"post-thumb-inner\">\r\n\t\t<div class=\"thumb\">\r\n\t\t\t<img loading=\"lazy\" decoding=\"async\" src=\"https:\/\/www.sejourprive.com\/wp-content\/uploads\/2026\/02\/Sejour-Prive_Des-plages-presque-secretes-sur-la-Cote-dAzur_IMG-1-672x448.jpg\" width=\"672\" height=\"448\" alt=\"Des plages (presque) secr\u00e8tes sur la C\u00f4te d\u2019Azur\"\/>\r\n\t\t<\/div>\r\n\t<\/div>\r\n\t<\/div>      <\/div>\r\n\r\n              \t\t      <\/div>\r\n    <div class=\"entry-content\">\r\n\r\n              \t<ul class=\"entry-meta list-inline\">\r\n\t\t\t<li class=\"list-inline-item posted-date\"><i class=\"fa fa-calendar-o\"><\/i> <a href=\"https:\/\/www.sejourprive.com\/en\/des-plages-presque-secretes-sur-la-cote-dazur\/\" rel=\"bookmark\"><time class=\"entry-date published updated\" datetime=\"2026-02-04T17:07:19+01:00\">4 February 2026<\/time><\/a><\/li>\r\n\t\t\t\t<li class=\"list-inline-item categories\"><i class=\"fa fa-folder-o\"><\/i> \t\t\t<span class=\"categories-links\"><a href=\"https:\/\/www.sejourprive.com\/en\/category\/carnet-de-voyage\/\" rel=\"category tag\">Travel guide<\/a><\/span>\r\n        <\/li>\r\n\t\t<\/ul>\r\n\t      \r\n              <h4 class=\"entry-title\"><a href=\"https:\/\/www.sejourprive.com\/en\/des-plages-presque-secretes-sur-la-cote-dazur\/\" rel=\"bookmark\">(Almost) secret beaches on the C\u00f4te d'Azur<\/a><\/h4>      \r\n      \r\n          <\/div>\r\n  <\/div>\r\n<\/div><\/article>\t\t\t\t\t<\/div>\r\n\t\t\t\t<\/div>\r\n\t\t\t\t\t\t\t\t<!-- end of the loop -->\r\n\t\t\t<\/div>\r\n\t\t<\/div>\r\n\t\t\t<\/div>\r\n\r\n\r\n\t\t\t\t<\/div>\n\t\t\t\t<\/div>\n\t\t\t\t<\/div>\n\t\t\t\t<\/div>\n\t\t\t\t<\/div>\n\t\t\t\t\t<\/div>\n\t\t\t\t<\/div>\n\t\t<div class=\"elementor-element elementor-element-e1ddacf e-con-full e-flex e-con e-parent\" data-id=\"e1ddacf\" data-element_type=\"container\" data-e-type=\"container\">\n\t\t<div class=\"elementor-element elementor-element-ee0cfa2 e-con-full e-flex tm-col-stretched-none e-con e-child\" data-id=\"ee0cfa2\" data-element_type=\"container\" data-e-type=\"container\">\n\t\t<div class=\"elementor-element elementor-element-d67bf5b e-con-full e-flex tm-col-stretched-none e-con e-child\" data-id=\"d67bf5b\" data-element_type=\"container\" data-e-type=\"container\">\n\t\t<div class=\"elementor-element elementor-element-737b4e9 e-con-full e-flex tm-col-stretched-none e-con e-child\" data-id=\"737b4e9\" data-element_type=\"container\" data-e-type=\"container\">\n\t\t\t\t<div class=\"elementor-element elementor-element-741c97a horizontal-line-align-left vertical-line-align-bottom elementor-widget elementor-widget-tm-ele-section-title\" data-id=\"741c97a\" data-element_type=\"widget\" data-e-type=\"widget\" data-widget_type=\"tm-ele-section-title.default\">\n\t\t\t\t<div class=\"elementor-widget-container\">\n\t\t\t\t\t<div class=\"tm-sc-section-title section-title line-right-current-theme\">\r\n\t<div class=\"title-wrapper\">\r\n\t\t\t\t\r\n\r\n<div class=\"sub-title-outer\">\r\n\t<\/div>\t\t\t<h2 class=\"title tm-split-text split-in-right\">\r\n\r\n\t\t\r\n\t\t\t\t<span class=\"title-part1\">Looking for a unique holiday?<\/span>\r\n\t\t\t\t\r\n\t\t\r\n\t<\/h2>\r\n\t<div class=\"title-seperator-line\"><\/div>\t\t\t\t\t\t<\/div>\r\n<\/div>\t\t\t\t<\/div>\n\t\t\t\t<\/div>\n\t\t\t\t<div class=\"elementor-element elementor-element-e72bcdc elementor-widget__width-initial elementor-widget elementor-widget-tm-ele-text-editor\" data-id=\"e72bcdc\" data-element_type=\"widget\" data-e-type=\"widget\" data-widget_type=\"tm-ele-text-editor.default\">\n\t\t\t\t<div class=\"elementor-widget-container\">\n\t\t\t\t\t\t\t<div class=\"tm-text-editor\">\r\n\t\t<p class=\"tw-data-text tw-text-large tw-ta\" data-placeholder=\"Traduction\" id=\"tw-target-text\" data-ved=\"2ahUKEwjA64f4uMqMAxVwTqQEHU8ZORgQ3ewLegQICBAV\" dir=\"ltr\" aria-label=\"Translated text: Enter your request below and your onefinestay destination specialist will contact you to assist you.\"><span class=\"Y2IQFc\" lang=\"fr\">A S\u00e9jour Priv\u00e9 destination specialist will contact you and assist you.<\/span><\/p>\t\t<\/div>\r\n\t\t\t\t\t<\/div>\n\t\t\t\t<\/div>\n\t\t\t\t<div class=\"elementor-element elementor-element-13f1f30 elementor-widget elementor-widget-tm-ele-button\" data-id=\"13f1f30\" data-element_type=\"widget\" data-e-type=\"widget\" data-widget_type=\"tm-ele-button.default\">\n\t\t\t\t<div class=\"elementor-widget-container\">\n\t\t\t\t\t<div class=\"tm-sc-button btn-view-details\">\r\n\t<a  href=\"https:\/\/dev251.kodesolution.com\/hoteler\/about\/\"\r\n\t\t\t\t\t\tclass=\"btn btn-theme-colored1 btn-sm\">\r\n\r\n\r\n\t\t\r\n\t\t<span>\r\n\t\tGet in touch\t\t<\/span>\r\n\r\n\t\t\t<\/a>\r\n<\/div>\t\t\t\t<\/div>\n\t\t\t\t<\/div>\n\t\t\t\t<\/div>\n\t\t\t\t<\/div>\n\t\t<div class=\"elementor-element elementor-element-4441a76 e-con-full tm-col-stretched-none elementor-hidden-mobile e-flex e-con e-child\" data-id=\"4441a76\" data-element_type=\"container\" data-e-type=\"container\" data-settings=\"{&quot;background_background&quot;:&quot;classic&quot;}\">\n\t\t\t\t<\/div>\n\t\t\t\t<\/div>\n\t\t\t\t<\/div>\n\t\t\t\t<\/div>","protected":false},"excerpt":{"rendered":"<p>Paris en famille offers a unique experience combining culture, leisure and the art of living, where young and old discover the capital at their own pace to create lasting memories.<\/p>","protected":false},"author":2,"featured_media":20260,"comment_status":"closed","ping_status":"closed","sticky":false,"template":"elementor_header_footer","format":"standard","meta":{"_acf_changed":false,"footnotes":""},"categories":[1],"tags":[],"class_list":["post-20104","post","type-post","status-publish","format-standard","has-post-thumbnail","hentry","category-carnet-de-voyage"],"acf":[],"yoast_head":"<!-- This site is optimized with the Yoast SEO plugin v26.6 - https:\/\/yoast.com\/wordpress\/plugins\/seo\/ -->\n<title>S\u00e9jour Priv\u00e9 - Paris en famille : l\u2019art de vivre la capitale<\/title>\n<meta name=\"description\" content=\"Paris en famille offre une exp\u00e9rience unique m\u00ealant culture, loisirs et art de vivre, o\u00f9 petits et grands d\u00e9couvrent la capitale \u00e0 leur rythme pour cr\u00e9er des souvenirs durables.\" \/>\n<meta name=\"robots\" content=\"index, follow, max-snippet:-1, max-image-preview:large, max-video-preview:-1\" \/>\n<link rel=\"canonical\" href=\"https:\/\/www.sejourprive.com\/en\/paris-en-famille-lart-de-vivre-la-capitale-entre-culture-loisirs-et-decouvertes\/\" \/>\n<meta property=\"og:locale\" content=\"en_GB\" \/>\n<meta property=\"og:type\" content=\"article\" \/>\n<meta property=\"og:title\" content=\"S\u00e9jour Priv\u00e9 - Paris en famille : l\u2019art de vivre la capitale\" \/>\n<meta property=\"og:description\" content=\"Paris en famille offre une exp\u00e9rience unique m\u00ealant culture, loisirs et art de vivre, o\u00f9 petits et grands d\u00e9couvrent la capitale \u00e0 leur rythme pour cr\u00e9er des souvenirs durables.\" \/>\n<meta property=\"og:url\" content=\"https:\/\/www.sejourprive.com\/en\/paris-en-famille-lart-de-vivre-la-capitale-entre-culture-loisirs-et-decouvertes\/\" \/>\n<meta property=\"og:site_name\" content=\"S\u00e9jour Priv\u00e9\" \/>\n<meta property=\"article:published_time\" content=\"2025-06-26T08:08:35+00:00\" \/>\n<meta property=\"article:modified_time\" content=\"2026-03-02T10:19:13+00:00\" \/>\n<meta property=\"og:image\" content=\"https:\/\/www.sejourprive.com\/wp-content\/uploads\/2026\/01\/Sejour-Prive_Paris-en-famille_IMG-1.jpg\" \/>\n\t<meta property=\"og:image:width\" content=\"1920\" \/>\n\t<meta property=\"og:image:height\" content=\"1080\" \/>\n\t<meta property=\"og:image:type\" content=\"image\/jpeg\" \/>\n<meta name=\"author\" content=\"bruno@sp\" \/>\n<meta name=\"twitter:card\" content=\"summary_large_image\" \/>\n<meta name=\"twitter:label1\" content=\"Written by\" \/>\n\t<meta name=\"twitter:data1\" content=\"bruno@sp\" \/>\n\t<meta name=\"twitter:label2\" content=\"Estimated reading time\" \/>\n\t<meta name=\"twitter:data2\" content=\"7 minutes\" \/>\n<script type=\"application\/ld+json\" class=\"yoast-schema-graph\">{\"@context\":\"https:\/\/schema.org\",\"@graph\":[{\"@type\":\"Article\",\"@id\":\"https:\/\/www.sejourprive.com\/paris-en-famille-lart-de-vivre-la-capitale-entre-culture-loisirs-et-decouvertes\/#article\",\"isPartOf\":{\"@id\":\"https:\/\/www.sejourprive.com\/paris-en-famille-lart-de-vivre-la-capitale-entre-culture-loisirs-et-decouvertes\/\"},\"author\":{\"name\":\"bruno@sp\",\"@id\":\"https:\/\/www.sejourprive.com\/#\/schema\/person\/c99953876991ca0127fc0b0f2002d556\"},\"headline\":\"Paris en famille : l\u2019art de vivre la capitale entre culture, loisirs et d\u00e9couvertes\",\"datePublished\":\"2025-06-26T08:08:35+00:00\",\"dateModified\":\"2026-03-02T10:19:13+00:00\",\"mainEntityOfPage\":{\"@id\":\"https:\/\/www.sejourprive.com\/paris-en-famille-lart-de-vivre-la-capitale-entre-culture-loisirs-et-decouvertes\/\"},\"wordCount\":1149,\"publisher\":{\"@id\":\"https:\/\/www.sejourprive.com\/#organization\"},\"image\":{\"@id\":\"https:\/\/www.sejourprive.com\/paris-en-famille-lart-de-vivre-la-capitale-entre-culture-loisirs-et-decouvertes\/#primaryimage\"},\"thumbnailUrl\":\"https:\/\/www.sejourprive.com\/wp-content\/uploads\/2026\/01\/Sejour-Prive_Paris-en-famille_IMG-1.jpg\",\"articleSection\":[\"Carnet de voyage\"],\"inLanguage\":\"en-GB\"},{\"@type\":\"WebPage\",\"@id\":\"https:\/\/www.sejourprive.com\/paris-en-famille-lart-de-vivre-la-capitale-entre-culture-loisirs-et-decouvertes\/\",\"url\":\"https:\/\/www.sejourprive.com\/paris-en-famille-lart-de-vivre-la-capitale-entre-culture-loisirs-et-decouvertes\/\",\"name\":\"S\u00e9jour Priv\u00e9 - Paris en famille : l\u2019art de vivre la capitale\",\"isPartOf\":{\"@id\":\"https:\/\/www.sejourprive.com\/#website\"},\"primaryImageOfPage\":{\"@id\":\"https:\/\/www.sejourprive.com\/paris-en-famille-lart-de-vivre-la-capitale-entre-culture-loisirs-et-decouvertes\/#primaryimage\"},\"image\":{\"@id\":\"https:\/\/www.sejourprive.com\/paris-en-famille-lart-de-vivre-la-capitale-entre-culture-loisirs-et-decouvertes\/#primaryimage\"},\"thumbnailUrl\":\"https:\/\/www.sejourprive.com\/wp-content\/uploads\/2026\/01\/Sejour-Prive_Paris-en-famille_IMG-1.jpg\",\"datePublished\":\"2025-06-26T08:08:35+00:00\",\"dateModified\":\"2026-03-02T10:19:13+00:00\",\"description\":\"Paris en famille offre une exp\u00e9rience unique m\u00ealant culture, loisirs et art de vivre, o\u00f9 petits et grands d\u00e9couvrent la capitale \u00e0 leur rythme pour cr\u00e9er des souvenirs durables.\",\"breadcrumb\":{\"@id\":\"https:\/\/www.sejourprive.com\/paris-en-famille-lart-de-vivre-la-capitale-entre-culture-loisirs-et-decouvertes\/#breadcrumb\"},\"inLanguage\":\"en-GB\",\"potentialAction\":[{\"@type\":\"ReadAction\",\"target\":[\"https:\/\/www.sejourprive.com\/paris-en-famille-lart-de-vivre-la-capitale-entre-culture-loisirs-et-decouvertes\/\"]}]},{\"@type\":\"ImageObject\",\"inLanguage\":\"en-GB\",\"@id\":\"https:\/\/www.sejourprive.com\/paris-en-famille-lart-de-vivre-la-capitale-entre-culture-loisirs-et-decouvertes\/#primaryimage\",\"url\":\"https:\/\/www.sejourprive.com\/wp-content\/uploads\/2026\/01\/Sejour-Prive_Paris-en-famille_IMG-1.jpg\",\"contentUrl\":\"https:\/\/www.sejourprive.com\/wp-content\/uploads\/2026\/01\/Sejour-Prive_Paris-en-famille_IMG-1.jpg\",\"width\":1920,\"height\":1080},{\"@type\":\"BreadcrumbList\",\"@id\":\"https:\/\/www.sejourprive.com\/paris-en-famille-lart-de-vivre-la-capitale-entre-culture-loisirs-et-decouvertes\/#breadcrumb\",\"itemListElement\":[{\"@type\":\"ListItem\",\"position\":1,\"name\":\"Accueil\",\"item\":\"https:\/\/www.sejourprive.com\/\"},{\"@type\":\"ListItem\",\"position\":2,\"name\":\"Paris en famille : l\u2019art de vivre la capitale entre culture, loisirs et d\u00e9couvertes\"}]},{\"@type\":\"WebSite\",\"@id\":\"https:\/\/www.sejourprive.com\/#website\",\"url\":\"https:\/\/www.sejourprive.com\/\",\"name\":\"S\u00e9jour Priv\u00e9\",\"description\":\"Nous imaginons pour vous des s\u00e9jours d\u2019exception.\",\"publisher\":{\"@id\":\"https:\/\/www.sejourprive.com\/#organization\"},\"potentialAction\":[{\"@type\":\"SearchAction\",\"target\":{\"@type\":\"EntryPoint\",\"urlTemplate\":\"https:\/\/www.sejourprive.com\/?s={search_term_string}\"},\"query-input\":{\"@type\":\"PropertyValueSpecification\",\"valueRequired\":true,\"valueName\":\"search_term_string\"}}],\"inLanguage\":\"en-GB\"},{\"@type\":\"Organization\",\"@id\":\"https:\/\/www.sejourprive.com\/#organization\",\"name\":\"S\u00e9jour Priv\u00e9\",\"url\":\"https:\/\/www.sejourprive.com\/\",\"logo\":{\"@type\":\"ImageObject\",\"inLanguage\":\"en-GB\",\"@id\":\"https:\/\/www.sejourprive.com\/#\/schema\/logo\/image\/\",\"url\":\"https:\/\/www.sejourprive.com\/wp-content\/uploads\/2026\/02\/SP-Apple-touch-144-couleur-1-2.png\",\"contentUrl\":\"https:\/\/www.sejourprive.com\/wp-content\/uploads\/2026\/02\/SP-Apple-touch-144-couleur-1-2.png\",\"width\":145,\"height\":145,\"caption\":\"S\u00e9jour Priv\u00e9\"},\"image\":{\"@id\":\"https:\/\/www.sejourprive.com\/#\/schema\/logo\/image\/\"}},{\"@type\":\"Person\",\"@id\":\"https:\/\/www.sejourprive.com\/#\/schema\/person\/c99953876991ca0127fc0b0f2002d556\",\"name\":\"bruno@sp\",\"url\":\"https:\/\/www.sejourprive.com\/en\/author\/brunosp\/\"}]}<\/script>\n<!-- \/ Yoast SEO plugin. -->","yoast_head_json":{"title":"S\u00e9jour Priv\u00e9 - Paris en famille : l\u2019art de vivre la capitale","description":"Paris en famille offers a unique experience combining culture, leisure and the art of living, where young and old discover the capital at their own pace to create lasting memories.","robots":{"index":"index","follow":"follow","max-snippet":"max-snippet:-1","max-image-preview":"max-image-preview:large","max-video-preview":"max-video-preview:-1"},"canonical":"https:\/\/www.sejourprive.com\/en\/paris-en-famille-lart-de-vivre-la-capitale-entre-culture-loisirs-et-decouvertes\/","og_locale":"en_GB","og_type":"article","og_title":"S\u00e9jour Priv\u00e9 - Paris en famille : l\u2019art de vivre la capitale","og_description":"Paris en famille offre une exp\u00e9rience unique m\u00ealant culture, loisirs et art de vivre, o\u00f9 petits et grands d\u00e9couvrent la capitale \u00e0 leur rythme pour cr\u00e9er des souvenirs durables.","og_url":"https:\/\/www.sejourprive.com\/en\/paris-en-famille-lart-de-vivre-la-capitale-entre-culture-loisirs-et-decouvertes\/","og_site_name":"S\u00e9jour Priv\u00e9","article_published_time":"2025-06-26T08:08:35+00:00","article_modified_time":"2026-03-02T10:19:13+00:00","og_image":[{"width":1920,"height":1080,"url":"https:\/\/www.sejourprive.com\/wp-content\/uploads\/2026\/01\/Sejour-Prive_Paris-en-famille_IMG-1.jpg","type":"image\/jpeg"}],"author":"bruno@sp","twitter_card":"summary_large_image","twitter_misc":{"Written by":"bruno@sp","Estimated reading time":"7 minutes"},"schema":{"@context":"https:\/\/schema.org","@graph":[{"@type":"Article","@id":"https:\/\/www.sejourprive.com\/paris-en-famille-lart-de-vivre-la-capitale-entre-culture-loisirs-et-decouvertes\/#article","isPartOf":{"@id":"https:\/\/www.sejourprive.com\/paris-en-famille-lart-de-vivre-la-capitale-entre-culture-loisirs-et-decouvertes\/"},"author":{"name":"bruno@sp","@id":"https:\/\/www.sejourprive.com\/#\/schema\/person\/c99953876991ca0127fc0b0f2002d556"},"headline":"Paris en famille : l\u2019art de vivre la capitale entre culture, loisirs et d\u00e9couvertes","datePublished":"2025-06-26T08:08:35+00:00","dateModified":"2026-03-02T10:19:13+00:00","mainEntityOfPage":{"@id":"https:\/\/www.sejourprive.com\/paris-en-famille-lart-de-vivre-la-capitale-entre-culture-loisirs-et-decouvertes\/"},"wordCount":1149,"publisher":{"@id":"https:\/\/www.sejourprive.com\/#organization"},"image":{"@id":"https:\/\/www.sejourprive.com\/paris-en-famille-lart-de-vivre-la-capitale-entre-culture-loisirs-et-decouvertes\/#primaryimage"},"thumbnailUrl":"https:\/\/www.sejourprive.com\/wp-content\/uploads\/2026\/01\/Sejour-Prive_Paris-en-famille_IMG-1.jpg","articleSection":["Carnet de voyage"],"inLanguage":"en-GB"},{"@type":"WebPage","@id":"https:\/\/www.sejourprive.com\/paris-en-famille-lart-de-vivre-la-capitale-entre-culture-loisirs-et-decouvertes\/","url":"https:\/\/www.sejourprive.com\/paris-en-famille-lart-de-vivre-la-capitale-entre-culture-loisirs-et-decouvertes\/","name":"S\u00e9jour Priv\u00e9 - Paris en famille : l\u2019art de vivre la capitale","isPartOf":{"@id":"https:\/\/www.sejourprive.com\/#website"},"primaryImageOfPage":{"@id":"https:\/\/www.sejourprive.com\/paris-en-famille-lart-de-vivre-la-capitale-entre-culture-loisirs-et-decouvertes\/#primaryimage"},"image":{"@id":"https:\/\/www.sejourprive.com\/paris-en-famille-lart-de-vivre-la-capitale-entre-culture-loisirs-et-decouvertes\/#primaryimage"},"thumbnailUrl":"https:\/\/www.sejourprive.com\/wp-content\/uploads\/2026\/01\/Sejour-Prive_Paris-en-famille_IMG-1.jpg","datePublished":"2025-06-26T08:08:35+00:00","dateModified":"2026-03-02T10:19:13+00:00","description":"Paris en famille offers a unique experience combining culture, leisure and the art of living, where young and old discover the capital at their own pace to create lasting memories.","breadcrumb":{"@id":"https:\/\/www.sejourprive.com\/paris-en-famille-lart-de-vivre-la-capitale-entre-culture-loisirs-et-decouvertes\/#breadcrumb"},"inLanguage":"en-GB","potentialAction":[{"@type":"ReadAction","target":["https:\/\/www.sejourprive.com\/paris-en-famille-lart-de-vivre-la-capitale-entre-culture-loisirs-et-decouvertes\/"]}]},{"@type":"ImageObject","inLanguage":"en-GB","@id":"https:\/\/www.sejourprive.com\/paris-en-famille-lart-de-vivre-la-capitale-entre-culture-loisirs-et-decouvertes\/#primaryimage","url":"https:\/\/www.sejourprive.com\/wp-content\/uploads\/2026\/01\/Sejour-Prive_Paris-en-famille_IMG-1.jpg","contentUrl":"https:\/\/www.sejourprive.com\/wp-content\/uploads\/2026\/01\/Sejour-Prive_Paris-en-famille_IMG-1.jpg","width":1920,"height":1080},{"@type":"BreadcrumbList","@id":"https:\/\/www.sejourprive.com\/paris-en-famille-lart-de-vivre-la-capitale-entre-culture-loisirs-et-decouvertes\/#breadcrumb","itemListElement":[{"@type":"ListItem","position":1,"name":"Accueil","item":"https:\/\/www.sejourprive.com\/"},{"@type":"ListItem","position":2,"name":"Paris en famille : l\u2019art de vivre la capitale entre culture, loisirs et d\u00e9couvertes"}]},{"@type":"WebSite","@id":"https:\/\/www.sejourprive.com\/#website","url":"https:\/\/www.sejourprive.com\/","name":"Private Stay","description":"We design exceptional holidays for you.","publisher":{"@id":"https:\/\/www.sejourprive.com\/#organization"},"potentialAction":[{"@type":"SearchAction","target":{"@type":"EntryPoint","urlTemplate":"https:\/\/www.sejourprive.com\/?s={search_term_string}"},"query-input":{"@type":"PropertyValueSpecification","valueRequired":true,"valueName":"search_term_string"}}],"inLanguage":"en-GB"},{"@type":"Organization","@id":"https:\/\/www.sejourprive.com\/#organization","name":"Private Stay","url":"https:\/\/www.sejourprive.com\/","logo":{"@type":"ImageObject","inLanguage":"en-GB","@id":"https:\/\/www.sejourprive.com\/#\/schema\/logo\/image\/","url":"https:\/\/www.sejourprive.com\/wp-content\/uploads\/2026\/02\/SP-Apple-touch-144-couleur-1-2.png","contentUrl":"https:\/\/www.sejourprive.com\/wp-content\/uploads\/2026\/02\/SP-Apple-touch-144-couleur-1-2.png","width":145,"height":145,"caption":"S\u00e9jour Priv\u00e9"},"image":{"@id":"https:\/\/www.sejourprive.com\/#\/schema\/logo\/image\/"}},{"@type":"Person","@id":"https:\/\/www.sejourprive.com\/#\/schema\/person\/c99953876991ca0127fc0b0f2002d556","name":"bruno@sp","url":"https:\/\/www.sejourprive.com\/en\/author\/brunosp\/"}]}},"_links":{"self":[{"href":"https:\/\/www.sejourprive.com\/en\/wp-json\/wp\/v2\/posts\/20104","targetHints":{"allow":["GET"]}}],"collection":[{"href":"https:\/\/www.sejourprive.com\/en\/wp-json\/wp\/v2\/posts"}],"about":[{"href":"https:\/\/www.sejourprive.com\/en\/wp-json\/wp\/v2\/types\/post"}],"author":[{"embeddable":true,"href":"https:\/\/www.sejourprive.com\/en\/wp-json\/wp\/v2\/users\/2"}],"replies":[{"embeddable":true,"href":"https:\/\/www.sejourprive.com\/en\/wp-json\/wp\/v2\/comments?post=20104"}],"version-history":[{"count":0,"href":"https:\/\/www.sejourprive.com\/en\/wp-json\/wp\/v2\/posts\/20104\/revisions"}],"wp:featuredmedia":[{"embeddable":true,"href":"https:\/\/www.sejourprive.com\/en\/wp-json\/wp\/v2\/media\/20260"}],"wp:attachment":[{"href":"https:\/\/www.sejourprive.com\/en\/wp-json\/wp\/v2\/media?parent=20104"}],"wp:term":[{"taxonomy":"category","embeddable":true,"href":"https:\/\/www.sejourprive.com\/en\/wp-json\/wp\/v2\/categories?post=20104"},{"taxonomy":"post_tag","embeddable":true,"href":"https:\/\/www.sejourprive.com\/en\/wp-json\/wp\/v2\/tags?post=20104"}],"curies":[{"name":"wp","href":"https:\/\/api.w.org\/{rel}","templated":true}]}}